{"id":21218,"date":"2026-09-03T11:25:25","date_gmt":"2026-09-03T09:25:25","guid":{"rendered":"https:\/\/elevabalear.com\/empresa-de-ascensores-en-inca\/"},"modified":"2026-09-03T11:28:25","modified_gmt":"2026-09-03T09:28:25","slug":"lift-company-in-inca","status":"publish","type":"post","link":"https:\/\/elevabalear.com\/en\/lift-company-in-inca\/","title":{"rendered":"Lift Company in Inca and the Raiguer"},"content":{"rendered":"<div class=\"seo-tldr\">\n\n<p class=\"wp-block-paragraph\">Eleva Balear tiene su base en la avenida del General Luque 227 de Inca, y desde ah\u00ed cubre el Raiguer y el norte de Mallorca con instalaci\u00f3n, mantenimiento, reparaci\u00f3n y modernizaci\u00f3n de ascensores de cualquier marca. Estar en Inca significa que el t\u00e9cnico no sale de Palma: llega en minutos a Lloseta, Binissalem, Selva, Campanet, sa Pobla o Alc\u00fadia. El mantenimiento de un ascensor de comunidad se mueve entre 90 y 220 euros al mes y la urgencia se atiende 24 horas al 971 17 81 51.<\/p>\n\n\n<p class=\"wp-block-paragraph\">Hay una pregunta que aparece siempre en las juntas del Raiguer cuando se habla de cambiar de empresa de ascensores: \u00ab\u00bfy cu\u00e1nto tardan en venir?\u00bb. Es la pregunta correcta. En una comunidad de Inca, de Lloseta o de Binissalem, el mantenimiento no se juzga por el folleto sino por lo que pasa el d\u00eda que alguien se queda encerrado a las diez de la noche.<\/p>\n\n\n<p class=\"wp-block-paragraph\">Y ah\u00ed la geograf\u00eda manda. La mayor\u00eda de empresas de ascensores que trabajan en Mallorca tienen la base en Palma o en el pol\u00edgono de Son Castell\u00f3. Nosotros la tenemos aqu\u00ed, en Inca, capital de una comarca de m\u00e1s de 36.000 habitantes solo en el municipio. Esta p\u00e1gina explica qu\u00e9 significa eso en la pr\u00e1ctica y qu\u00e9 hacemos exactamente en la zona.<\/p>\n\n<\/div>\n\n<h2 class=\"wp-block-heading\">\u00bfPor qu\u00e9 cambia el tiempo de respuesta tener la empresa de ascensores en Inca?<\/h2>\n\n\n<p class=\"wp-block-paragraph\">Porque el trayecto desaparece. Desde Inca, el t\u00e9cnico llega a Lloseta, Selva, Binissalem o Campanet en menos de quince minutos, y a sa Pobla, Muro, Santa Maria o Alc\u00fadia en menos de media hora. Desde Palma, ese mismo aviso arranca con cuarenta minutos de carretera antes de que nadie toque el aparato.<\/p>\n\n\n<p class=\"wp-block-paragraph\">En una aver\u00eda con personas atrapadas eso no es un matiz de calidad de servicio: es la diferencia entre veinte minutos y una hora larga dentro de una cabina. Nuestro compromiso es t\u00e9cnico en menos de 60 minutos, y en el Raiguer se cumple con margen porque el punto de partida est\u00e1 dentro de la comarca.<\/p>\n\n\n<p class=\"wp-block-paragraph\">Hay un segundo efecto menos evidente y muy pr\u00e1ctico: las visitas de mantenimiento preventivo se concentran geogr\u00e1ficamente. Un t\u00e9cnico que tiene ocho aparatos en el mismo pueblo puede pasar cuando hace falta, no cuando cuadra la ruta desde Palma. Eso se nota en los avisos peque\u00f1os, los que no son urgencia pero molestan a diario: una puerta que roza, un pulsador que falla, un ruido nuevo.<\/p>\n\n\n<h2 class=\"wp-block-heading\">\u00bfQu\u00e9 municipios del Raiguer y del norte cubrimos desde Inca?<\/h2>\n\n\n<p class=\"wp-block-paragraph\">Desde la base de Inca damos servicio a toda la comarca del Raiguer y al norte de la isla, adem\u00e1s del resto de Mallorca y de las dem\u00e1s islas con equipo propio.<\/p>\n\n\n<ul class=\"wp-block-list\">\n\n<li><strong>Raiguer<\/strong>: Inca, Lloseta, Binissalem, Consell, Alar\u00f3, Selva, Campanet, B\u00fager, Mancor de la Vall, Santa Maria del Cam\u00ed y Marratx\u00ed.<\/li>\n\n\n<li><strong>Norte y Pla<\/strong>: sa Pobla, Muro, Alc\u00fadia, Port d&#8217;Alc\u00fadia, Pollen\u00e7a, Port de Pollen\u00e7a, Santa Margalida y Can Picafort.<\/li>\n\n\n<li><strong>Resto de Mallorca<\/strong>: cobertura completa, incluida Palma, donde trabajamos <a href=\"https:\/\/elevabalear.com\/ascensores-en-palma-de-mallorca\/\">ascensores en Palma de Mallorca<\/a>.<\/li>\n\n\n<li><strong>Menorca, Ibiza y Formentera<\/strong>, con desplazamiento programado y servicio en isla.<\/li>\n\n<\/ul>\n\n\n<p class=\"wp-block-paragraph\">Si tu finca est\u00e1 en un municipio que no aparece en la lista, preg\u00fantanos: la cobertura real es de toda Mallorca y la clasificaci\u00f3n por comarcas es solo orientativa.<\/p>\n\n\n<h2 class=\"wp-block-heading\">\u00bfQu\u00e9 servicios de ascensores prestamos en Inca?<\/h2>\n\n\n<p class=\"wp-block-paragraph\">Trabajamos el ciclo completo del aparato elevador, y lo hacemos sobre ascensores de cualquier marca, no solo sobre los que instalamos nosotros.<\/p>\n\n\n<ol class=\"wp-block-list\">\n\n<li><strong>Mantenimiento preventivo<\/strong> con revisiones peri\u00f3dicas, parte firmado y aviso anticipado de la fecha de inspecci\u00f3n.<\/li>\n\n\n<li><strong>Reparaci\u00f3n de aver\u00edas y rescates<\/strong> las 24 horas del d\u00eda, los 365 d\u00edas del a\u00f1o.<\/li>\n\n\n<li><strong>Instalaci\u00f3n de ascensores<\/strong> en obra nueva, en fincas antiguas sin hueco y en viviendas unifamiliares.<\/li>\n\n\n<li><strong>Modernizaci\u00f3n<\/strong> de maquinaria, puertas, cabina y maniobra para adaptar el aparato a la normativa vigente; el desglose de precios est\u00e1 en <a href=\"https:\/\/elevabalear.com\/cuanto-cuesta-modernizar-ascensor-mallorca-2026\/\">cu\u00e1nto cuesta modernizar un ascensor en Mallorca<\/a>.<\/li>\n\n\n<li><strong>Salvaescaleras y plataformas elevadoras<\/strong> para portales con escal\u00f3n y escaleras interiores.<\/li>\n\n\n<li><strong>Acompa\u00f1amiento en la inspecci\u00f3n peri\u00f3dica<\/strong> y subsanaci\u00f3n de los defectos del informe.<\/li>\n\n<\/ol>\n\n\n<p class=\"wp-block-paragraph\">El mantenimiento de comunidades es el grueso del trabajo en la comarca, y lo detallamos en la p\u00e1gina de <a href=\"https:\/\/elevabalear.com\/mantenimiento-de-ascensores-en-palma-de-mallorca\/\">mantenimiento de ascensores en Mallorca<\/a>.<\/p>\n\n\n<h2 class=\"wp-block-heading\">\u00bfQu\u00e9 particularidades tienen los edificios de Inca y de los pueblos del Raiguer?<\/h2>\n\n\n<p class=\"wp-block-paragraph\">El parque de edificios del Raiguer no se parece al de Palma. Aqu\u00ed abundan la casa de pueblo entre medianeras de dos o tres alturas, el edificio de los a\u00f1os setenta con hueco de escalera estrecho y la finca de piedra de mar\u00e9s en el casco antiguo, donde cualquier intervenci\u00f3n pasa por el ayuntamiento y por lo que permita la protecci\u00f3n del edificio.<\/p>\n\n\n<p class=\"wp-block-paragraph\">Eso cambia las soluciones. En muchas casas de pueblo no hay hueco para un ascensor convencional y la salida real es un aparato sin foso o sin cuarto de m\u00e1quinas, o directamente un salvaescaleras. En los edificios de los setenta y ochenta lo habitual es un hueco justo, con puertas semiautom\u00e1ticas que la normativa obliga a proteger, y ah\u00ed la modernizaci\u00f3n se resuelve bien sin obra. Y en el casco antiguo, antes de hablar de aparato hay que hablar de licencia.<\/p>\n\n\n<p class=\"wp-block-paragraph\">El dato de fondo del archipi\u00e9lago encaja con lo que se ve en la comarca: seg\u00fan el Bar\u00f3metro de la Accesibilidad de la Fundaci\u00f3n Mutua de Propietarios de 2026, el <strong>24 % de las fincas baleares no tiene ascensor<\/strong> y solo el 2 % de los edificios est\u00e1 completamente adaptado. En los pueblos del Raiguer ese porcentaje se nota cada vez que alguien mayor deja de bajar a la calle.<\/p>\n\n\n<p class=\"wp-block-paragraph\">Para fincas antiguas hay dos gu\u00edas que resuelven las dudas m\u00e1s frecuentes: <a href=\"https:\/\/elevabalear.com\/instalar-ascensor-edificio-antiguo-palma\/\">instalar un ascensor en un edificio antiguo<\/a> y <a href=\"https:\/\/elevabalear.com\/cuanto-hueco-se-necesita-para-un-ascensor\/\">cu\u00e1nto hueco se necesita para un ascensor<\/a>.<\/p>\n\n\n<h2 class=\"wp-block-heading\">\u00bfCu\u00e1nto cuesta el mantenimiento de un ascensor en Inca?<\/h2>\n\n\n<p class=\"wp-block-paragraph\">Un contrato de mantenimiento para un ascensor de comunidad en Inca y comarca se sit\u00faa habitualmente entre <strong>90 y 220 euros al mes<\/strong> m\u00e1s IVA. Una finca de tres o cuatro alturas con contrato preventivo y urgencias incluidas suele quedar entre 120 y 180 euros mensuales.<\/p>\n\n\n<p class=\"wp-block-paragraph\">Cuatro variables mueven ese precio: n\u00famero de paradas, tipo de aparato, si el contrato cubre solo mano de obra o tambi\u00e9n las piezas, y si incluye o no el servicio de urgencias 24 horas. Merece la pena mirar la letra peque\u00f1a de esa tercera variable: un contrato b\u00e1sico con las piezas facturadas aparte parece m\u00e1s barato en enero y deja de serlo el primer a\u00f1o que se rompe un cuadro de maniobra.<\/p>\n\n\n<p class=\"wp-block-paragraph\">El desglose completo est\u00e1 en <a href=\"https:\/\/elevabalear.com\/cuanto-cuesta-mantenimiento-ascensor\/\">cu\u00e1nto cuesta el mantenimiento de un ascensor<\/a>.<\/p>\n\n\n<h2 class=\"wp-block-heading\">\u00bfC\u00f3mo se cambia de empresa de mantenimiento de ascensores?<\/h2>\n\n\n<p class=\"wp-block-paragraph\">Se puede cambiar, y no es complicado. El contrato de mantenimiento tiene una duraci\u00f3n pactada y un preaviso de rescisi\u00f3n, normalmente de uno a tres meses antes del vencimiento anual. Basta con comunicar la baja por escrito dentro de ese plazo y firmar con la nueva empresa, que se encarga de recoger la documentaci\u00f3n del aparato y darse de alta como conservadora ante la administraci\u00f3n.<\/p>\n\n\n<p class=\"wp-block-paragraph\">Dos ideas que conviene tener claras. La primera: <strong>la comunidad no est\u00e1 atada al fabricante del ascensor<\/strong>. Cualquier empresa conservadora habilitada puede mantener cualquier marca, y negarse a entregar la documentaci\u00f3n o las llaves del cuarto de m\u00e1quinas no es una opci\u00f3n legal para la empresa saliente. La segunda: el cambio no afecta a la garant\u00eda del aparato si la instalaci\u00f3n sigue en periodo de garant\u00eda y el mantenimiento se hace conforme a la norma.<\/p>\n\n\n<p class=\"wp-block-paragraph\">El procedimiento paso a paso est\u00e1 en <a href=\"https:\/\/elevabalear.com\/cambiar-empresa-mantenimiento-ascensor\/\">cambiar la empresa de mantenimiento del ascensor<\/a>.<\/p>\n\n<div class=\"seo-faq\">\n<h2 class=\"wp-block-heading\">Preguntas frecuentes sobre ascensores en Inca y el Raiguer<\/h2>\n\n\n<h3 class=\"wp-block-heading\">\u00bfCu\u00e1nto tarda un t\u00e9cnico de ascensores en llegar a Inca en caso de aver\u00eda?<\/h3>\n\n\n<p class=\"wp-block-paragraph\">Al tener la base en la propia Inca, el t\u00e9cnico llega al municipio en pocos minutos y a los pueblos del Raiguer en menos de quince o veinte. El compromiso general es de t\u00e9cnico en menos de 60 minutos en toda Mallorca para avisos con personas atrapadas, atendidos las 24 horas del d\u00eda en el 971 17 81 51, donde responde directamente el t\u00e9cnico de guardia.<\/p>\n\n\n<h3 class=\"wp-block-heading\">\u00bfSe puede instalar un ascensor en una casa de pueblo de Inca sin hueco de escalera?<\/h3>\n\n\n<p class=\"wp-block-paragraph\">En muchos casos s\u00ed, con un ascensor sin foso o sin cuarto de m\u00e1quinas, que necesita mucho menos espacio y una obra civil m\u00ednima. Cuando el hueco no da ni para eso, la alternativa es una silla o plataforma salvaescaleras. Lo que determina la soluci\u00f3n es la medici\u00f3n real de la escalera y, en el casco antiguo, lo que permita la normativa urban\u00edstica del ayuntamiento. Sin visita t\u00e9cnica no hay respuesta seria.<\/p>\n\n\n<h3 class=\"wp-block-heading\">\u00bfCada cu\u00e1nto hay que inspeccionar el ascensor de una comunidad en Inca?<\/h3>\n\n\n<p class=\"wp-block-paragraph\">Depende del edificio, no de la antig\u00fcedad del aparato: cada 2 a\u00f1os en edificios industriales o de p\u00fablica concurrencia, cada 4 a\u00f1os en fincas de m\u00e1s de veinte viviendas o m\u00e1s de cuatro plantas servidas, y cada 6 a\u00f1os en el resto. La fecha exacta de tu ascensor se consulta gratis con el n\u00famero RAE de la placa de la cabina, como explicamos en la gu\u00eda de <a href=\"https:\/\/elevabalear.com\/inspeccion-periodica-ascensores-baleares\/\">inspecci\u00f3n peri\u00f3dica de ascensores en Baleares<\/a>.<\/p>\n\n\n<h3 class=\"wp-block-heading\">\u00bfTrabaj\u00e1is con ascensores de otras marcas en el Raiguer?<\/h3>\n\n\n<p class=\"wp-block-paragraph\">S\u00ed. Mantenemos y reparamos ascensores de todas las marcas y modelos, incluidos los instalados por multinacionales del sector. El mantenimiento de un aparato elevador no est\u00e1 vinculado a su fabricante: lo puede hacer cualquier empresa conservadora habilitada e inscrita en el registro correspondiente.<\/p>\n\n<\/div>\n\n<h2 class=\"wp-block-heading\">Hablamos de tu ascensor sin salir de Inca<\/h2>\n\n\n<p class=\"wp-block-paragraph\">Si buscas una empresa de ascensores cerca, cu\u00e9ntanos qu\u00e9 aparato tienes y qu\u00e9 necesitas: revisi\u00f3n, presupuesto de mantenimiento, una aver\u00eda que se repite o una instalaci\u00f3n nueva. Pasamos a verlo sin compromiso. Estamos en la <strong>avenida del General Luque 227, Inca<\/strong>, y somos <a href=\"https:\/\/elevabalear.com\/\">instaladores de ascensores en Mallorca<\/a> con m\u00e1s de cien aparatos instalados, servicio t\u00e9cnico propio y atenci\u00f3n 24 horas. Ll\u00e1manos al <strong>971 17 81 51<\/strong> o escr\u00edbenos a <strong>quierosercliente@elevabalear.com<\/strong>.<\/p>\n\n<script type=\"application\/ld+json\">\n{\n  \"@context\": \"https:\/\/schema.org\",\n  \"@type\": \"FAQPage\",\n  \"mainEntity\": [\n    {\n      \"@type\": \"Question\",\n      \"name\": \"\u00bfCu\u00e1nto tarda un t\u00e9cnico de ascensores en llegar a Inca en caso de aver\u00eda?\",\n      \"acceptedAnswer\": {\n        \"@type\": \"Answer\",\n        \"text\": \"Al tener la base en la propia Inca, el t\u00e9cnico llega al municipio en pocos minutos y a los pueblos del Raiguer en menos de quince o veinte. El compromiso general es de t\u00e9cnico en menos de 60 minutos en toda Mallorca para avisos con personas atrapadas, atendidos las 24 horas del d\u00eda en el 971 17 81 51, donde responde directamente el t\u00e9cnico de guardia.\"\n      }\n    },\n    {\n      \"@type\": \"Question\",\n      \"name\": \"\u00bfSe puede instalar un ascensor en una casa de pueblo de Inca sin hueco de escalera?\",\n      \"acceptedAnswer\": {\n        \"@type\": \"Answer\",\n        \"text\": \"En muchos casos s\u00ed, con un ascensor sin foso o sin cuarto de m\u00e1quinas, que necesita mucho menos espacio y una obra civil m\u00ednima. Cuando el hueco no da ni para eso, la alternativa es una silla o plataforma salvaescaleras. Lo que determina la soluci\u00f3n es la medici\u00f3n real de la escalera y, en el casco antiguo, lo que permita la normativa urban\u00edstica del ayuntamiento. Sin visita t\u00e9cnica no hay respuesta seria.\"\n      }\n    },\n    {\n      \"@type\": \"Question\",\n      \"name\": \"\u00bfCada cu\u00e1nto hay que inspeccionar el ascensor de una comunidad en Inca?\",\n      \"acceptedAnswer\": {\n        \"@type\": \"Answer\",\n        \"text\": \"Depende del edificio, no de la antig\u00fcedad del aparato: cada 2 a\u00f1os en edificios industriales o de p\u00fablica concurrencia, cada 4 a\u00f1os en fincas de m\u00e1s de veinte viviendas o m\u00e1s de cuatro plantas servidas, y cada 6 a\u00f1os en el resto. La fecha exacta de tu ascensor se consulta gratis con el n\u00famero RAE de la placa de la cabina, como explicamos en la gu\u00eda de inspecci\u00f3n peri\u00f3dica de ascensores en Baleares.\"\n      }\n    },\n    {\n      \"@type\": \"Question\",\n      \"name\": \"\u00bfTrabaj\u00e1is con ascensores de otras marcas en el Raiguer?\",\n      \"acceptedAnswer\": {\n        \"@type\": \"Answer\",\n        \"text\": \"S\u00ed. Mantenemos y reparamos ascensores de todas las marcas y modelos, incluidos los instalados por multinacionales del sector. El mantenimiento de un aparato elevador no est\u00e1 vinculado a su fabricante: lo puede hacer cualquier empresa conservadora habilitada e inscrita en el registro correspondiente.\"\n      }\n    }\n  ]\n}\n<\/script>","protected":false},"excerpt":{"rendered":"<p>Eleva Balear tiene su base en la avenida del General Luque 227 de Inca, y desde ah\u00ed cubre el Raiguer y el norte de Mallorca con instalaci\u00f3n, mantenimiento, reparaci\u00f3n y modernizaci\u00f3n de ascensores de cualquier marca. Estar en Inca significa que el t\u00e9cnico no sale de Palma: llega en minutos a Lloseta, Binissalem, Selva, Campanet, [&hellip;]<\/p>\n","protected":false},"author":1,"featured_media":21217,"comment_status":"open","ping_status":"open","sticky":false,"template":"","format":"standard","meta":{"_yoast_wpseo_meta-robots-noindex":"","_yoast_wpseo_meta-robots-nofollow":"","_yoast_wpseo_canonical":"","_yoast_wpseo_opengraph-title":"","_yoast_wpseo_opengraph-description":"","_yoast_wpseo_twitter-title":"","_yoast_wpseo_twitter-description":"","ocean_front_end_style_editor":"no","ocean_post_layout":"","ocean_both_sidebars_style":"","ocean_both_sidebars_content_width":0,"ocean_both_sidebars_sidebars_width":0,"ocean_sidebar":"","ocean_second_sidebar":"","ocean_disable_margins":"enable","ocean_add_body_class":"","ocean_shortcode_before_top_bar":"","ocean_shortcode_after_top_bar":"","ocean_shortcode_before_header":"","ocean_shortcode_after_header":"","ocean_has_shortcode":"","ocean_shortcode_after_title":"","ocean_shortcode_before_footer_widgets":"","ocean_shortcode_after_footer_widgets":"","ocean_shortcode_before_footer_bottom":"","ocean_shortcode_after_footer_bottom":"","ocean_display_top_bar":"default","ocean_display_header":"default","ocean_header_style":"","ocean_center_header_left_menu":"","ocean_custom_header_template":"","ocean_custom_logo":0,"ocean_custom_retina_logo":0,"ocean_custom_logo_max_width":0,"ocean_custom_logo_tablet_max_width":0,"ocean_custom_logo_mobile_max_width":0,"ocean_custom_logo_max_height":0,"ocean_custom_logo_tablet_max_height":0,"ocean_custom_logo_mobile_max_height":0,"ocean_header_custom_menu":"","ocean_menu_typo_font_family":"","ocean_menu_typo_font_subset":"","ocean_menu_typo_font_size":0,"ocean_menu_typo_font_size_tablet":0,"ocean_menu_typo_font_size_mobile":0,"ocean_menu_typo_font_size_unit":"px","ocean_menu_typo_font_weight":"","ocean_menu_typo_font_weight_tablet":"","ocean_menu_typo_font_weight_mobile":"","ocean_menu_typo_transform":"","ocean_menu_typo_transform_tablet":"","ocean_menu_typo_transform_mobile":"","ocean_menu_typo_line_height":0,"ocean_menu_typo_line_height_tablet":0,"ocean_menu_typo_line_height_mobile":0,"ocean_menu_typo_line_height_unit":"","ocean_menu_typo_spacing":0,"ocean_menu_typo_spacing_tablet":0,"ocean_menu_typo_spacing_mobile":0,"ocean_menu_typo_spacing_unit":"","ocean_menu_link_color":"","ocean_menu_link_color_hover":"","ocean_menu_link_color_active":"","ocean_menu_link_background":"","ocean_menu_link_hover_background":"","ocean_menu_link_active_background":"","ocean_menu_social_links_bg":"","ocean_menu_social_hover_links_bg":"","ocean_menu_social_links_color":"","ocean_menu_social_hover_links_color":"","ocean_disable_title":"default","ocean_disable_heading":"default","ocean_post_title":"","ocean_post_subheading":"","ocean_post_title_style":"","ocean_post_title_background_color":"","ocean_post_title_background":0,"ocean_post_title_bg_image_position":"","ocean_post_title_bg_image_attachment":"","ocean_post_title_bg_image_repeat":"","ocean_post_title_bg_image_size":"","ocean_post_title_height":0,"ocean_post_title_bg_overlay":0.5,"ocean_post_title_bg_overlay_color":"","ocean_disable_breadcrumbs":"default","ocean_breadcrumbs_color":"","ocean_breadcrumbs_separator_color":"","ocean_breadcrumbs_links_color":"","ocean_breadcrumbs_links_hover_color":"","ocean_display_footer_widgets":"default","ocean_display_footer_bottom":"default","ocean_custom_footer_template":"","ocean_post_oembed":"","ocean_post_self_hosted_media":"","ocean_post_video_embed":"","ocean_link_format":"","ocean_link_format_target":"self","ocean_quote_format":"","ocean_quote_format_link":"post","ocean_gallery_link_images":"on","ocean_gallery_id":[],"footnotes":""},"categories":[25],"tags":[],"class_list":["post-21218","post","type-post","status-publish","format-standard","has-post-thumbnail","hentry","category-servicios","entry","has-media"],"yoast_head":"<!-- This site is optimized with the Yoast SEO plugin v28.4 - https:\/\/yoast.com\/product\/yoast-seo-wordpress\/ -->\n<title>Empresa de Ascensores en Inca y el Raiguer<\/title>\n<meta name=\"description\" content=\"Empresa de ascensores en Inca con base en el municipio: mantenimiento, reparaci\u00f3n 24 h, instalaci\u00f3n y modernizaci\u00f3n en el Raiguer y el norte.\" \/>\n<meta name=\"robots\" content=\"index, follow, max-snippet:-1, max-image-preview:large, max-video-preview:-1\" \/>\n<link rel=\"canonical\" href=\"https:\/\/elevabalear.com\/en\/lift-company-in-inca\/\" \/>\n<meta property=\"og:locale\" content=\"en_GB\" \/>\n<meta property=\"og:type\" content=\"article\" \/>\n<meta property=\"og:title\" content=\"Empresa de Ascensores en Inca y el Raiguer\" \/>\n<meta property=\"og:description\" content=\"Empresa de ascensores en Inca con base en el municipio: mantenimiento, reparaci\u00f3n 24 h, instalaci\u00f3n y modernizaci\u00f3n en el Raiguer y el norte.\" \/>\n<meta property=\"og:url\" content=\"https:\/\/elevabalear.com\/en\/lift-company-in-inca\/\" \/>\n<meta property=\"og:site_name\" content=\"ELEVA Balear\" \/>\n<meta property=\"article:published_time\" content=\"2026-09-03T09:25:25+00:00\" \/>\n<meta property=\"article:modified_time\" content=\"2026-09-03T09:28:25+00:00\" \/>\n<meta property=\"og:image\" content=\"https:\/\/elevabalear.com\/wp-content\/uploads\/2026\/09\/empresa-de-ascensores-en-inca-raw.webp\" \/>\n\t<meta property=\"og:image:width\" content=\"1200\" \/>\n\t<meta property=\"og:image:height\" content=\"900\" \/>\n\t<meta property=\"og:image:type\" content=\"image\/webp\" \/>\n<meta name=\"author\" content=\"admin\" \/>\n<meta name=\"twitter:card\" content=\"summary_large_image\" \/>\n<meta name=\"twitter:label1\" content=\"Written by\" \/>\n\t<meta name=\"twitter:data1\" content=\"admin\" \/>\n\t<meta name=\"twitter:label2\" content=\"Estimated reading time\" \/>\n\t<meta name=\"twitter:data2\" content=\"9 minutes\" \/>\n<!-- \/ Yoast SEO plugin. -->","yoast_head_json":{"title":"Lift Company in Inca and the Raiguer","description":"Lift company in Inca based in the municipality: maintenance, 24h repair, installation and modernisation in the Raiguer and the north.","robots":{"index":"index","follow":"follow","max-snippet":"max-snippet:-1","max-image-preview":"max-image-preview:large","max-video-preview":"max-video-preview:-1"},"canonical":"https:\/\/elevabalear.com\/en\/lift-company-in-inca\/","og_locale":"en_GB","og_type":"article","og_title":"Empresa de Ascensores en Inca y el Raiguer","og_description":"Empresa de ascensores en Inca con base en el municipio: mantenimiento, reparaci\u00f3n 24 h, instalaci\u00f3n y modernizaci\u00f3n en el Raiguer y el norte.","og_url":"https:\/\/elevabalear.com\/en\/lift-company-in-inca\/","og_site_name":"ELEVA Balear","article_published_time":"2026-09-03T09:25:25+00:00","article_modified_time":"2026-09-03T09:28:25+00:00","og_image":[{"width":1200,"height":900,"url":"https:\/\/elevabalear.com\/wp-content\/uploads\/2026\/09\/empresa-de-ascensores-en-inca-raw.webp","type":"image\/webp"}],"author":"admin","twitter_card":"summary_large_image","twitter_misc":{"Written by":"admin","Estimated reading time":"9 minutes"},"schema":{"@context":"https:\/\/schema.org","@graph":[{"@type":"Article","@id":"https:\/\/elevabalear.com\/empresa-de-ascensores-en-inca\/#article","isPartOf":{"@id":"https:\/\/elevabalear.com\/empresa-de-ascensores-en-inca\/"},"author":{"name":"admin","@id":"https:\/\/elevabalear.com\/#\/schema\/person\/91cd3b48456f48108a756ebdf8525e92"},"headline":"Empresa de Ascensores en Inca y el Raiguer","datePublished":"2026-09-03T09:25:25+00:00","dateModified":"2026-09-03T09:28:25+00:00","mainEntityOfPage":{"@id":"https:\/\/elevabalear.com\/empresa-de-ascensores-en-inca\/"},"wordCount":1723,"commentCount":0,"publisher":{"@id":"https:\/\/elevabalear.com\/#organization"},"image":{"@id":"https:\/\/elevabalear.com\/empresa-de-ascensores-en-inca\/#primaryimage"},"thumbnailUrl":"https:\/\/elevabalear.com\/wp-content\/uploads\/2026\/09\/empresa-de-ascensores-en-inca-raw.webp","articleSection":["Servicios"],"inLanguage":"en-GB","potentialAction":[{"@type":"CommentAction","name":"Comment","target":["https:\/\/elevabalear.com\/empresa-de-ascensores-en-inca\/#respond"]}]},{"@type":"WebPage","@id":"https:\/\/elevabalear.com\/empresa-de-ascensores-en-inca\/","url":"https:\/\/elevabalear.com\/empresa-de-ascensores-en-inca\/","name":"Lift Company in Inca and the Raiguer","isPartOf":{"@id":"https:\/\/elevabalear.com\/#website"},"primaryImageOfPage":{"@id":"https:\/\/elevabalear.com\/empresa-de-ascensores-en-inca\/#primaryimage"},"image":{"@id":"https:\/\/elevabalear.com\/empresa-de-ascensores-en-inca\/#primaryimage"},"thumbnailUrl":"https:\/\/elevabalear.com\/wp-content\/uploads\/2026\/09\/empresa-de-ascensores-en-inca-raw.webp","datePublished":"2026-09-03T09:25:25+00:00","dateModified":"2026-09-03T09:28:25+00:00","description":"Lift company in Inca based in the municipality: maintenance, 24h repair, installation and modernisation in the Raiguer and the north.","breadcrumb":{"@id":"https:\/\/elevabalear.com\/empresa-de-ascensores-en-inca\/#breadcrumb"},"inLanguage":"en-GB","potentialAction":[{"@type":"ReadAction","target":["https:\/\/elevabalear.com\/empresa-de-ascensores-en-inca\/"]}]},{"@type":"ImageObject","inLanguage":"en-GB","@id":"https:\/\/elevabalear.com\/empresa-de-ascensores-en-inca\/#primaryimage","url":"https:\/\/elevabalear.com\/wp-content\/uploads\/2026\/09\/empresa-de-ascensores-en-inca-raw.webp","contentUrl":"https:\/\/elevabalear.com\/wp-content\/uploads\/2026\/09\/empresa-de-ascensores-en-inca-raw.webp","width":1200,"height":900,"caption":"Empresa de ascensores en Inca con Eleva Balear en Mallorca"},{"@type":"BreadcrumbList","@id":"https:\/\/elevabalear.com\/empresa-de-ascensores-en-inca\/#breadcrumb","itemListElement":[{"@type":"ListItem","position":1,"name":"Portada","item":"https:\/\/elevabalear.com\/"},{"@type":"ListItem","position":2,"name":"Empresa de Ascensores en Inca y el Raiguer"}]},{"@type":"WebSite","@id":"https:\/\/elevabalear.com\/#website","url":"https:\/\/elevabalear.com\/","name":"ELEVA Balear","description":"Installation, Maintenance and Repair of Lifts in the Balearic Islands","publisher":{"@id":"https:\/\/elevabalear.com\/#organization"},"potentialAction":[{"@type":"SearchAction","target":{"@type":"EntryPoint","urlTemplate":"https:\/\/elevabalear.com\/?s={search_term_string}"},"query-input":{"@type":"PropertyValueSpecification","valueRequired":true,"valueName":"search_term_string"}}],"inLanguage":"en-GB"},{"@type":"Organization","@id":"https:\/\/elevabalear.com\/#organization","name":"ELEVA Balear","url":"https:\/\/elevabalear.com\/","logo":{"@type":"ImageObject","inLanguage":"en-GB","@id":"https:\/\/elevabalear.com\/#\/schema\/logo\/image\/","url":"https:\/\/elevabalear.com\/wp-content\/uploads\/2023\/10\/c56d09ec-0f5c-4f55-a956-5a80c7d26770.png","contentUrl":"https:\/\/elevabalear.com\/wp-content\/uploads\/2023\/10\/c56d09ec-0f5c-4f55-a956-5a80c7d26770.png","width":1410,"height":213,"caption":"ELEVA Balear"},"image":{"@id":"https:\/\/elevabalear.com\/#\/schema\/logo\/image\/"}},{"@type":"Person","@id":"https:\/\/elevabalear.com\/#\/schema\/person\/91cd3b48456f48108a756ebdf8525e92","name":"admin","image":{"@type":"ImageObject","inLanguage":"en-GB","@id":"https:\/\/secure.gravatar.com\/avatar\/3863a5c12e3dc3848cc197188266eb462bd64da2ec0c16cf6c540a9ff648fd86?s=96&d=mm&r=g","url":"https:\/\/secure.gravatar.com\/avatar\/3863a5c12e3dc3848cc197188266eb462bd64da2ec0c16cf6c540a9ff648fd86?s=96&d=mm&r=g","contentUrl":"https:\/\/secure.gravatar.com\/avatar\/3863a5c12e3dc3848cc197188266eb462bd64da2ec0c16cf6c540a9ff648fd86?s=96&d=mm&r=g","caption":"admin"},"sameAs":["https:\/\/elevabalear.com"],"url":"https:\/\/elevabalear.com\/en\/author\/admin\/"}]}},"_links":{"self":[{"href":"https:\/\/elevabalear.com\/en\/wp-json\/wp\/v2\/posts\/21218","targetHints":{"allow":["GET"]}}],"collection":[{"href":"https:\/\/elevabalear.com\/en\/wp-json\/wp\/v2\/posts"}],"about":[{"href":"https:\/\/elevabalear.com\/en\/wp-json\/wp\/v2\/types\/post"}],"author":[{"embeddable":true,"href":"https:\/\/elevabalear.com\/en\/wp-json\/wp\/v2\/users\/1"}],"replies":[{"embeddable":true,"href":"https:\/\/elevabalear.com\/en\/wp-json\/wp\/v2\/comments?post=21218"}],"version-history":[{"count":1,"href":"https:\/\/elevabalear.com\/en\/wp-json\/wp\/v2\/posts\/21218\/revisions"}],"predecessor-version":[{"id":21222,"href":"https:\/\/elevabalear.com\/en\/wp-json\/wp\/v2\/posts\/21218\/revisions\/21222"}],"wp:featuredmedia":[{"embeddable":true,"href":"https:\/\/elevabalear.com\/en\/wp-json\/wp\/v2\/media\/21217"}],"wp:attachment":[{"href":"https:\/\/elevabalear.com\/en\/wp-json\/wp\/v2\/media?parent=21218"}],"wp:term":[{"taxonomy":"category","embeddable":true,"href":"https:\/\/elevabalear.com\/en\/wp-json\/wp\/v2\/categories?post=21218"},{"taxonomy":"post_tag","embeddable":true,"href":"https:\/\/elevabalear.com\/en\/wp-json\/wp\/v2\/tags?post=21218"}],"curies":[{"name":"wp","href":"https:\/\/api.w.org\/{rel}","templated":true}]}}