{"id":21216,"date":"2026-09-03T11:23:18","date_gmt":"2026-09-03T09:23:18","guid":{"rendered":"https:\/\/elevabalear.com\/subvenciones-salvaescaleras-baleares-2026\/"},"modified":"2026-09-03T11:28:16","modified_gmt":"2026-09-03T09:28:16","slug":"balearic-stairlift-grants-2026","status":"publish","type":"post","link":"https:\/\/elevabalear.com\/en\/balearic-stairlift-grants-2026\/","title":{"rendered":"Subsidies and Grants for Stairlifts in the Balearic Islands in 2026"},"content":{"rendered":"<div class=\"seo-tldr\">\n\n<p class=\"wp-block-paragraph\">En Baleares hay tres v\u00edas de ayuda para instalar un salvaescaleras en 2026: la convocatoria auton\u00f3mica de accesibilidad de la Conselleria de Asuntos Sociales, financiada con fondos Next Generation, que ha llegado a cubrir hasta 74.100 euros por comunidad de propietarios; el Plan Estatal de Vivienda, que cubre entre el 40 % y el 75 % de la obra; y el IVA superreducido del 4 % cuando existe certificado de discapacidad. Una silla salvaescaleras recta parte de 1.800-2.750 euros y una plataforma curva de 5.500-6.000 euros, as\u00ed que la ayuda puede llegar a cubrir la mitad de la instalaci\u00f3n.<\/p>\n\n\n<p class=\"wp-block-paragraph\">Casi todas las gu\u00edas de subvenciones para salvaescaleras que hay en internet est\u00e1n escritas para Castilla y Le\u00f3n, Madrid o Andaluc\u00eda. Si vives en Mallorca, Menorca o Ibiza, ninguna te sirve del todo: las convocatorias son auton\u00f3micas, los plazos los fija cada comunidad y los requisitos cambian de una a otra.<\/p>\n\n\n<p class=\"wp-block-paragraph\">Esta gu\u00eda recoge lo que se puede pedir realmente desde Baleares en 2026, con las cifras de las \u00faltimas convocatorias resueltas, y aclara la duda que m\u00e1s se repite: si la ayuda la pide la comunidad de propietarios o la persona que va a usar el salvaescaleras, porque <strong>no es la misma ayuda ni el mismo tr\u00e1mite<\/strong>.<\/p>\n\n\n<p class=\"wp-block-paragraph\">El contexto explica por qu\u00e9 esto importa tanto aqu\u00ed. Seg\u00fan el primer Bar\u00f3metro de la Accesibilidad de la Fundaci\u00f3n Mutua de Propietarios, de 2026, solo el <strong>2 % de los edificios de Baleares est\u00e1 completamente adaptado<\/strong> para personas con movilidad reducida, el 98 % presenta al menos una barrera arquitect\u00f3nica entre la calle y la vivienda, y el 48 % tiene escalones en la entrada. Ese escal\u00f3n del portal es, precisamente, el caso t\u00edpico de plataforma salvaescaleras.<\/p>\n\n<\/div>\n\n<h2 class=\"wp-block-heading\">\u00bfQu\u00e9 ayudas hay para instalar un salvaescaleras en Baleares en 2026?<\/h2>\n\n\n<p class=\"wp-block-paragraph\">Hay tres v\u00edas, y se pueden combinar. La principal es la convocatoria auton\u00f3mica de mejora de la accesibilidad para comunidades de propietarios, que gestiona la <strong>Conselleria de Asuntos Sociales del Govern de les Illes Balears<\/strong> con fondos europeos Next Generation dentro del Plan de Recuperaci\u00f3n, Transformaci\u00f3n y Resiliencia.<\/p>\n\n\n<ol class=\"wp-block-list\">\n\n<li><strong>Convocatoria auton\u00f3mica de accesibilidad (CAIB).<\/strong> Cubre reformas de vest\u00edbulos y portales, construcci\u00f3n de rampas e instalaci\u00f3n de ascensores, sillas salvaescaleras y otras plataformas elevadoras. En la \u00faltima convocatoria resuelta se repartieron 808.468 euros entre 43 comunidades, con un m\u00e1ximo de 74.100 euros por comunidad. Se beneficiaron 32 comunidades de Mallorca, 6 de Menorca y 5 de Eivissa.<\/li>\n\n\n<li><strong>Plan Estatal de Vivienda.<\/strong> Su programa de accesibilidad cubre con car\u00e1cter general el 40 % de la inversi\u00f3n, que sube hasta el 75 % cuando los ingresos del solicitante son inferiores a tres veces el IPREM, cuando en el edificio vive una persona con discapacidad o mayor de 65 a\u00f1os, o cuando el inmueble est\u00e1 en un \u00c1rea de Regeneraci\u00f3n y Renovaci\u00f3n Urbana declarada.<\/li>\n\n\n<li><strong>Ventajas fiscales.<\/strong> El IVA de la instalaci\u00f3n baja al 4 % cuando existe certificado de discapacidad y la obra es de accesibilidad, frente al 10 % de una reforma ordinaria. No es una subvenci\u00f3n, pero sobre 6.000 euros de instalaci\u00f3n son 360 euros de diferencia.<\/li>\n\n<\/ol>\n\n\n<p class=\"wp-block-paragraph\">A esto se suman, de forma puntual, ayudas municipales de algunos ayuntamientos y las l\u00edneas privadas como las de la Fundaci\u00f3n Mutua de Propietarios, que en 2026 abri\u00f3 una convocatoria del 50 % de los costes de obras de accesibilidad con un m\u00e1ximo de 15.000 euros por comunidad.<\/p>\n\n\n<h2 class=\"wp-block-heading\">\u00bfQui\u00e9n pide la ayuda: la comunidad de propietarios o el particular?<\/h2>\n\n\n<p class=\"wp-block-paragraph\">Depende de d\u00f3nde se instale el salvaescaleras, y esta es la distinci\u00f3n que m\u00e1s solicitudes tumba. Si el aparato va en zona com\u00fan \u2014el portal, la escalera del edificio, el acceso desde la calle\u2014, la solicitante es <strong>la comunidad de propietarios<\/strong>, con su CIF, su acuerdo de junta y su representante. Si va dentro de una vivienda, en una escalera interior, la solicitante es <strong>la persona propietaria o usuaria<\/strong>.<\/p>\n\n\n<p class=\"wp-block-paragraph\">Las convocatorias auton\u00f3micas de accesibilidad de Baleares que hemos visto resueltas se dirigen a comunidades de propietarios en cuyos edificios resida al menos una persona mayor de 65 a\u00f1os, con discapacidad reconocida de cualquier grado o en situaci\u00f3n de dependencia. Es decir: <strong>no hace falta que todos los vecinos cumplan el requisito, basta con que lo cumpla uno<\/strong>, y ese es el punto que muchas comunidades desconocen y que deja sin pedir ayudas a las que ten\u00edan derecho.<\/p>\n\n\n<p class=\"wp-block-paragraph\">Para el caso de vivienda unifamiliar, la v\u00eda suele ser el programa estatal de accesibilidad y las prestaciones para productos de apoyo, adem\u00e1s del IVA superreducido.<\/p>\n\n\n<h2 class=\"wp-block-heading\">\u00bfCu\u00e1nto cubre la subvenci\u00f3n y cu\u00e1nto acabas pagando?<\/h2>\n\n\n<p class=\"wp-block-paragraph\">Con la ayuda auton\u00f3mica de accesibilidad, una comunidad puede ver cubierta aproximadamente la mitad de la instalaci\u00f3n; con el Plan Estatal, entre el 40 % y el 75 %. Sobre una plataforma salvaescaleras de portal de 6.000 euros, eso deja una aportaci\u00f3n vecinal de entre 1.500 y 3.600 euros, repartida adem\u00e1s por cuotas de participaci\u00f3n.<\/p>\n\n\n<figure class=\"wp-block-table\"><table><thead><tr><th>Concepto<\/th><th>Importe orientativo 2026<\/th><\/tr><\/thead><tbody><tr><td>Silla salvaescaleras recta (instalaci\u00f3n incluida)<\/td><td>1.800 &#8211; 2.750 \u20ac<\/td><\/tr><tr><td>Silla salvaescaleras curva<\/td><td>desde 6.000 \u20ac<\/td><\/tr><tr><td>Plataforma salvaescaleras<\/td><td>5.500 &#8211; 5.900 \u20ac<\/td><\/tr><tr><td>Cobertura ayuda auton\u00f3mica de accesibilidad<\/td><td>hasta el 50 %<\/td><\/tr><tr><td>Cobertura Plan Estatal de Vivienda<\/td><td>40 % &#8211; 75 %<\/td><\/tr><tr><td>IVA con certificado de discapacidad<\/td><td>4 % en lugar del 10 %<\/td><\/tr><\/tbody><\/table><\/figure>\n\n\n<p class=\"wp-block-paragraph\">Hay un detalle de tesorer\u00eda que conviene tener presente desde el principio: <strong>la administraci\u00f3n paga contra justificaci\u00f3n<\/strong>, es decir, despu\u00e9s de que la obra est\u00e9 ejecutada y pagada. Entre la resoluci\u00f3n favorable y el ingreso efectivo suelen pasar entre ocho y catorce meses. La comunidad tiene que poder adelantar el dinero, y eso se decide en la junta a la vez que la obra, no despu\u00e9s.<\/p>\n\n\n<p class=\"wp-block-paragraph\">El desglose completo de precios est\u00e1 en el art\u00edculo sobre <a href=\"https:\/\/elevabalear.com\/cuanto-cuesta-un-salvaescaleras\/\">cu\u00e1nto cuesta un salvaescaleras<\/a>.<\/p>\n\n\n<h2 class=\"wp-block-heading\">\u00bfQu\u00e9 requisitos hay que cumplir para que aprueben la ayuda?<\/h2>\n\n\n<p class=\"wp-block-paragraph\">Los requisitos que se repiten en las convocatorias baleares son cuatro, y conviene comprobarlos antes de pedir presupuesto:<\/p>\n\n\n<ol class=\"wp-block-list\">\n\n<li><strong>Perfil del residente<\/strong>: al menos una persona mayor de 65 a\u00f1os, con discapacidad reconocida o en situaci\u00f3n de dependencia, empadronada en el edificio.<\/li>\n\n\n<li><strong>Uso del inmueble<\/strong>: vivienda habitual, no segunda residencia ni alquiler tur\u00edstico.<\/li>\n\n\n<li><strong>Obra no iniciada<\/strong>: la solicitud se presenta <strong>antes<\/strong> de empezar los trabajos. Este es el motivo por el que m\u00e1s expedientes se caen: se instala el aparato y luego se pide la ayuda, y as\u00ed ya no hay ayuda.<\/li>\n\n\n<li><strong>Documentaci\u00f3n t\u00e9cnica<\/strong>: presupuesto detallado, acuerdo de la junta de propietarios en el caso de zonas comunes y, cuando procede, certificado de discapacidad o de dependencia.<\/li>\n\n<\/ol>\n\n\n<h2 class=\"wp-block-heading\">\u00bfC\u00f3mo se solicita la ayuda paso a paso?<\/h2>\n\n\n<ol class=\"wp-block-list\">\n\n<li>Comprueba en el <a href=\"https:\/\/www.caib.es\/\" target=\"_blank\" rel=\"noopener\">portal de convocatorias de la CAIB<\/a> si hay convocatoria abierta de accesibilidad y cu\u00e1l es el plazo de presentaci\u00f3n.<\/li>\n\n\n<li>Re\u00fane la documentaci\u00f3n del residente que da derecho a la ayuda: certificado de discapacidad, resoluci\u00f3n de dependencia o acreditaci\u00f3n de edad y empadronamiento.<\/li>\n\n\n<li>Pide presupuesto desglosado a una empresa habilitada, con el modelo concreto de salvaescaleras y la obra necesaria.<\/li>\n\n\n<li>Lleva el punto a la junta de propietarios si el aparato va en zona com\u00fan y levanta acta del acuerdo.<\/li>\n\n\n<li>Presenta la solicitud por la sede electr\u00f3nica dentro del plazo y <strong>antes de iniciar la instalaci\u00f3n<\/strong>.<\/li>\n\n\n<li>Ejecuta la obra una vez resuelta la concesi\u00f3n y presenta las facturas y justificantes de pago dentro del plazo de justificaci\u00f3n.<\/li>\n\n<\/ol>\n\n\n<p class=\"wp-block-paragraph\">Si algo se atasca, el punto de contacto es la propia Conselleria de Asuntos Sociales. Y si la duda es t\u00e9cnica \u2014qu\u00e9 tipo de aparato cabe en tu escalera\u2014, eso lo resolvemos nosotros en una visita.<\/p>\n\n\n<h2 class=\"wp-block-heading\">\u00bfQu\u00e9 desgravaci\u00f3n fiscal tiene un salvaescaleras?<\/h2>\n\n\n<p class=\"wp-block-paragraph\">La ventaja fiscal m\u00e1s directa y m\u00e1s segura es el IVA: las obras de accesibilidad para personas con certificado de discapacidad tributan al <strong>4 %<\/strong> en lugar del 10 % que se aplica a una reforma ordinaria. Se solicita a la empresa instaladora antes de emitir la factura, aportando el certificado.<\/p>\n\n\n<p class=\"wp-block-paragraph\">Existe adem\u00e1s una deducci\u00f3n en el IRPF por obras e instalaciones de adecuaci\u00f3n de la vivienda habitual por raz\u00f3n de discapacidad, del 10 % estatal m\u00e1s el tramo auton\u00f3mico, con una base m\u00e1xima anual de 12.080 euros, y que pueden aplicar tambi\u00e9n los copropietarios que financian modificaciones de elementos comunes como escaleras o ascensores. Su aplicaci\u00f3n est\u00e1 sujeta a un r\u00e9gimen transitorio con requisitos de fecha, as\u00ed que conviene confirmarla con la Agencia Tributaria o con un asesor antes de contar con ella en el presupuesto. Las condiciones exactas est\u00e1n publicadas en la <a href=\"https:\/\/sede.agenciatributaria.gob.es\/\" target=\"_blank\" rel=\"noopener\">sede electr\u00f3nica de la Agencia Tributaria<\/a>.<\/p>\n\n\n<h2 class=\"wp-block-heading\">\u00bfCu\u00e1nto cuesta un salvaescaleras en Mallorca antes de la ayuda?<\/h2>\n\n\n<p class=\"wp-block-paragraph\">Una silla salvaescaleras para escalera recta parte de 1.800-2.750 euros con instalaci\u00f3n incluida, y la curva \u2014fabricada a medida sobre el trazado real de la escalera\u2014 arranca en unos 6.000 euros. Una plataforma para silla de ruedas se mueve entre 5.500 y 5.900 euros de media.<\/p>\n\n\n<p class=\"wp-block-paragraph\">Lo que marca la diferencia de precio es la geometr\u00eda de la escalera, no la marca del aparato. Una escalera recta de un solo tramo admite una gu\u00eda est\u00e1ndar; una escalera de caracol o con varios rellanos obliga a fabricar la gu\u00eda a medida, y ah\u00ed es donde el presupuesto se duplica. Por eso ning\u00fan precio de internet sirve sin una medici\u00f3n: hay que ver la escalera.<\/p>\n\n\n<p class=\"wp-block-paragraph\">En el <a href=\"https:\/\/elevabalear.com\/catalogo-salvaescaleras\/\">cat\u00e1logo de salvaescaleras<\/a> est\u00e1n los modelos con los que trabajamos, y en la p\u00e1gina de <a href=\"https:\/\/elevabalear.com\/salvaescaleras-en-palma-de-mallorca\/\">salvaescaleras en Palma de Mallorca<\/a> explicamos c\u00f3mo es la instalaci\u00f3n.<\/p>\n\n<div class=\"seo-faq\">\n<h2 class=\"wp-block-heading\">Preguntas frecuentes sobre las subvenciones para salvaescaleras en Baleares<\/h2>\n\n\n<h3 class=\"wp-block-heading\">\u00bfPuedo pedir la subvenci\u00f3n para un salvaescaleras si ya lo he instalado?<\/h3>\n\n\n<p class=\"wp-block-paragraph\">No. Las convocatorias de accesibilidad exigen que la obra no est\u00e9 iniciada en el momento de presentar la solicitud, y es la causa m\u00e1s frecuente de denegaci\u00f3n. Si el aparato ya est\u00e1 instalado, la v\u00eda que queda es la fiscal: el IVA reducido no se puede recuperar a posteriori, pero la deducci\u00f3n del IRPF por obras de adecuaci\u00f3n s\u00ed se aplica en la declaraci\u00f3n del ejercicio en que se pag\u00f3 la obra, si se cumplen sus requisitos.<\/p>\n\n\n<h3 class=\"wp-block-heading\">\u00bfLa comunidad puede negarse a instalar un salvaescaleras en el portal?<\/h3>\n\n\n<p class=\"wp-block-paragraph\">En obras de accesibilidad solicitadas por una persona con discapacidad o mayor de 70 a\u00f1os, la Ley de Propiedad Horizontal obliga a la comunidad a realizarlas cuando su importe no supera doce mensualidades ordinarias de gastos comunes, descontadas las subvenciones. Si supera ese importe, hace falta acuerdo de la junta, aunque el solicitante puede asumir el exceso y ejecutarlas igualmente.<\/p>\n\n\n<h3 class=\"wp-block-heading\">\u00bfCu\u00e1nto tarda en cobrarse la subvenci\u00f3n de accesibilidad en Baleares?<\/h3>\n\n\n<p class=\"wp-block-paragraph\">Entre la resoluci\u00f3n favorable y el ingreso suelen pasar de ocho a catorce meses, porque la administraci\u00f3n paga contra justificaci\u00f3n de gastos: primero se ejecuta y se paga la obra, despu\u00e9s se presentan las facturas y finalmente se cobra la ayuda. La comunidad debe prever esa tesorer\u00eda al aprobar la obra en junta.<\/p>\n\n\n<h3 class=\"wp-block-heading\">\u00bfEs mejor un salvaescaleras o un ascensor si hay ayudas para los dos?<\/h3>\n\n\n<p class=\"wp-block-paragraph\">Depende del edificio y del recorrido. El salvaescaleras resuelve un desnivel concreto \u2014el escal\u00f3n del portal, un tramo de escalera\u2014 con una obra ligera, sin foso y en una sola jornada. El ascensor resuelve el acceso a todas las plantas, pero exige hueco, obra y una inversi\u00f3n diez veces mayor, ya sea de instalaci\u00f3n nueva o de <a href=\"https:\/\/elevabalear.com\/cuanto-cuesta-modernizar-ascensor-mallorca-2026\/\">modernizaci\u00f3n del aparato existente<\/a>. En fincas de dos o tres alturas sin hueco disponible, el salvaescaleras suele ser la \u00fanica opci\u00f3n viable. Lo comparamos en detalle en <a href=\"https:\/\/elevabalear.com\/salvaescaleras-o-ascensor-cual-instalar\/\">salvaescaleras o ascensor: cu\u00e1l instalar<\/a>.<\/p>\n\n<\/div>\n\n<h2 class=\"wp-block-heading\">Cu\u00e1ndo NO compensa esperar a la subvenci\u00f3n<\/h2>\n\n\n<p class=\"wp-block-paragraph\">Si en casa hay una persona que ya no puede subir la escalera, esperar nueve meses a que salga una convocatoria no siempre es lo razonable. Hay tres casos claros: cuando la necesidad es inmediata y la alternativa es que esa persona no salga de casa; cuando el importe de la instalaci\u00f3n es bajo \u2014una silla recta de 2.000 euros\u2014 y el porcentaje de ayuda no compensa el tiempo de espera ni el papeleo; y cuando el edificio no cumple los requisitos de residente, porque entonces la solicitud se va a denegar igual. En esos casos, la v\u00eda \u00fatil es el IVA al 4 % y la financiaci\u00f3n, no la subvenci\u00f3n.<\/p>\n\n\n<h2 class=\"wp-block-heading\">Te decimos qu\u00e9 salvaescaleras cabe en tu escalera<\/h2>\n\n\n<p class=\"wp-block-paragraph\">Antes de pelearte con una convocatoria conviene saber qu\u00e9 aparato admite tu edificio y cu\u00e1nto cuesta de verdad. En <strong>Eleva Balear<\/strong> vamos a verlo, medimos la escalera y te damos un presupuesto desglosado que sirve tal cual para presentar la solicitud. Somos <a href=\"https:\/\/elevabalear.com\/\">especialistas en ascensores y salvaescaleras en Mallorca<\/a>, con servicio t\u00e9cnico propio en todas las islas. Ll\u00e1manos al <strong>971 17 81 51<\/strong> o escr\u00edbenos a <strong>quierosercliente@elevabalear.com<\/strong>.<\/p>\n\n<script type=\"application\/ld+json\">\n{\n  \"@context\": \"https:\/\/schema.org\",\n  \"@type\": \"FAQPage\",\n  \"mainEntity\": [\n    {\n      \"@type\": \"Question\",\n      \"name\": \"\u00bfPuedo pedir la subvenci\u00f3n para un salvaescaleras si ya lo he instalado?\",\n      \"acceptedAnswer\": {\n        \"@type\": \"Answer\",\n        \"text\": \"No. Las convocatorias de accesibilidad exigen que la obra no est\u00e9 iniciada en el momento de presentar la solicitud, y es la causa m\u00e1s frecuente de denegaci\u00f3n. Si el aparato ya est\u00e1 instalado, la v\u00eda que queda es la fiscal: el IVA reducido no se puede recuperar a posteriori, pero la deducci\u00f3n del IRPF por obras de adecuaci\u00f3n s\u00ed se aplica en la declaraci\u00f3n del ejercicio en que se pag\u00f3 la obra, si se cumplen sus requisitos.\"\n      }\n    },\n    {\n      \"@type\": \"Question\",\n      \"name\": \"\u00bfLa comunidad puede negarse a instalar un salvaescaleras en el portal?\",\n      \"acceptedAnswer\": {\n        \"@type\": \"Answer\",\n        \"text\": \"En obras de accesibilidad solicitadas por una persona con discapacidad o mayor de 70 a\u00f1os, la Ley de Propiedad Horizontal obliga a la comunidad a realizarlas cuando su importe no supera doce mensualidades ordinarias de gastos comunes, descontadas las subvenciones. Si supera ese importe, hace falta acuerdo de la junta, aunque el solicitante puede asumir el exceso y ejecutarlas igualmente.\"\n      }\n    },\n    {\n      \"@type\": \"Question\",\n      \"name\": \"\u00bfCu\u00e1nto tarda en cobrarse la subvenci\u00f3n de accesibilidad en Baleares?\",\n      \"acceptedAnswer\": {\n        \"@type\": \"Answer\",\n        \"text\": \"Entre la resoluci\u00f3n favorable y el ingreso suelen pasar de ocho a catorce meses, porque la administraci\u00f3n paga contra justificaci\u00f3n de gastos: primero se ejecuta y se paga la obra, despu\u00e9s se presentan las facturas y finalmente se cobra la ayuda. La comunidad debe prever esa tesorer\u00eda al aprobar la obra en junta.\"\n      }\n    },\n    {\n      \"@type\": \"Question\",\n      \"name\": \"\u00bfEs mejor un salvaescaleras o un ascensor si hay ayudas para los dos?\",\n      \"acceptedAnswer\": {\n        \"@type\": \"Answer\",\n        \"text\": \"Depende del edificio y del recorrido. El salvaescaleras resuelve un desnivel concreto \u2014el escal\u00f3n del portal, un tramo de escalera\u2014 con una obra ligera, sin foso y en una sola jornada. El ascensor resuelve el acceso a todas las plantas, pero exige hueco, obra y una inversi\u00f3n diez veces mayor, ya sea de instalaci\u00f3n nueva o de modernizaci\u00f3n del aparato existente. En fincas de dos o tres alturas sin hueco disponible, el salvaescaleras suele ser la \u00fanica opci\u00f3n viable. Lo comparamos en detalle en salvaescaleras o ascensor: cu\u00e1l instalar.\"\n      }\n    }\n  ]\n}\n<\/script>","protected":false},"excerpt":{"rendered":"<p>En Baleares hay tres v\u00edas de ayuda para instalar un salvaescaleras en 2026: la convocatoria auton\u00f3mica de accesibilidad de la Conselleria de Asuntos Sociales, financiada con fondos Next Generation, que ha llegado a cubrir hasta 74.100 euros por comunidad de propietarios; el Plan Estatal de Vivienda, que cubre entre el 40 % y el 75 [&hellip;]<\/p>\n","protected":false},"author":1,"featured_media":21215,"comment_status":"open","ping_status":"open","sticky":false,"template":"","format":"standard","meta":{"_yoast_wpseo_meta-robots-noindex":"","_yoast_wpseo_meta-robots-nofollow":"","_yoast_wpseo_canonical":"","_yoast_wpseo_opengraph-title":"","_yoast_wpseo_opengraph-description":"","_yoast_wpseo_twitter-title":"","_yoast_wpseo_twitter-description":"","ocean_front_end_style_editor":"no","ocean_post_layout":"","ocean_both_sidebars_style":"","ocean_both_sidebars_content_width":0,"ocean_both_sidebars_sidebars_width":0,"ocean_sidebar":"","ocean_second_sidebar":"","ocean_disable_margins":"enable","ocean_add_body_class":"","ocean_shortcode_before_top_bar":"","ocean_shortcode_after_top_bar":"","ocean_shortcode_before_header":"","ocean_shortcode_after_header":"","ocean_has_shortcode":"","ocean_shortcode_after_title":"","ocean_shortcode_before_footer_widgets":"","ocean_shortcode_after_footer_widgets":"","ocean_shortcode_before_footer_bottom":"","ocean_shortcode_after_footer_bottom":"","ocean_display_top_bar":"default","ocean_display_header":"default","ocean_header_style":"","ocean_center_header_left_menu":"","ocean_custom_header_template":"","ocean_custom_logo":0,"ocean_custom_retina_logo":0,"ocean_custom_logo_max_width":0,"ocean_custom_logo_tablet_max_width":0,"ocean_custom_logo_mobile_max_width":0,"ocean_custom_logo_max_height":0,"ocean_custom_logo_tablet_max_height":0,"ocean_custom_logo_mobile_max_height":0,"ocean_header_custom_menu":"","ocean_menu_typo_font_family":"","ocean_menu_typo_font_subset":"","ocean_menu_typo_font_size":0,"ocean_menu_typo_font_size_tablet":0,"ocean_menu_typo_font_size_mobile":0,"ocean_menu_typo_font_size_unit":"px","ocean_menu_typo_font_weight":"","ocean_menu_typo_font_weight_tablet":"","ocean_menu_typo_font_weight_mobile":"","ocean_menu_typo_transform":"","ocean_menu_typo_transform_tablet":"","ocean_menu_typo_transform_mobile":"","ocean_menu_typo_line_height":0,"ocean_menu_typo_line_height_tablet":0,"ocean_menu_typo_line_height_mobile":0,"ocean_menu_typo_line_height_unit":"","ocean_menu_typo_spacing":0,"ocean_menu_typo_spacing_tablet":0,"ocean_menu_typo_spacing_mobile":0,"ocean_menu_typo_spacing_unit":"","ocean_menu_link_color":"","ocean_menu_link_color_hover":"","ocean_menu_link_color_active":"","ocean_menu_link_background":"","ocean_menu_link_hover_background":"","ocean_menu_link_active_background":"","ocean_menu_social_links_bg":"","ocean_menu_social_hover_links_bg":"","ocean_menu_social_links_color":"","ocean_menu_social_hover_links_color":"","ocean_disable_title":"default","ocean_disable_heading":"default","ocean_post_title":"","ocean_post_subheading":"","ocean_post_title_style":"","ocean_post_title_background_color":"","ocean_post_title_background":0,"ocean_post_title_bg_image_position":"","ocean_post_title_bg_image_attachment":"","ocean_post_title_bg_image_repeat":"","ocean_post_title_bg_image_size":"","ocean_post_title_height":0,"ocean_post_title_bg_overlay":0.5,"ocean_post_title_bg_overlay_color":"","ocean_disable_breadcrumbs":"default","ocean_breadcrumbs_color":"","ocean_breadcrumbs_separator_color":"","ocean_breadcrumbs_links_color":"","ocean_breadcrumbs_links_hover_color":"","ocean_display_footer_widgets":"default","ocean_display_footer_bottom":"default","ocean_custom_footer_template":"","ocean_post_oembed":"","ocean_post_self_hosted_media":"","ocean_post_video_embed":"","ocean_link_format":"","ocean_link_format_target":"self","ocean_quote_format":"","ocean_quote_format_link":"post","ocean_gallery_link_images":"on","ocean_gallery_id":[],"footnotes":""},"categories":[26],"tags":[],"class_list":["post-21216","post","type-post","status-publish","format-standard","has-post-thumbnail","hentry","category-blog","entry","has-media"],"yoast_head":"<!-- This site is optimized with the Yoast SEO plugin v28.4 - https:\/\/yoast.com\/product\/yoast-seo-wordpress\/ -->\n<title>Subvenciones para Salvaescaleras en Baleares 2026<\/title>\n<meta name=\"description\" content=\"Ayudas para instalar un salvaescaleras en Baleares en 2026: convocatoria auton\u00f3mica, Plan Estatal e IVA al 4 %. Requisitos, cuant\u00edas y c\u00f3mo solicitarlas.\" \/>\n<meta name=\"robots\" content=\"index, follow, max-snippet:-1, max-image-preview:large, max-video-preview:-1\" \/>\n<link rel=\"canonical\" href=\"https:\/\/elevabalear.com\/en\/balearic-stairlift-grants-2026\/\" \/>\n<meta property=\"og:locale\" content=\"en_GB\" \/>\n<meta property=\"og:type\" content=\"article\" \/>\n<meta property=\"og:title\" content=\"Subvenciones para Salvaescaleras en Baleares 2026\" \/>\n<meta property=\"og:description\" content=\"Ayudas para instalar un salvaescaleras en Baleares en 2026: convocatoria auton\u00f3mica, Plan Estatal e IVA al 4 %. Requisitos, cuant\u00edas y c\u00f3mo solicitarlas.\" \/>\n<meta property=\"og:url\" content=\"https:\/\/elevabalear.com\/en\/balearic-stairlift-grants-2026\/\" \/>\n<meta property=\"og:site_name\" content=\"ELEVA Balear\" \/>\n<meta property=\"article:published_time\" content=\"2026-09-03T09:23:18+00:00\" \/>\n<meta property=\"article:modified_time\" content=\"2026-09-03T09:28:16+00:00\" \/>\n<meta property=\"og:image\" content=\"https:\/\/elevabalear.com\/wp-content\/uploads\/2026\/09\/subvenciones-salvaescaleras-baleares-2026-raw.webp\" \/>\n\t<meta property=\"og:image:width\" content=\"1200\" \/>\n\t<meta property=\"og:image:height\" content=\"900\" \/>\n\t<meta property=\"og:image:type\" content=\"image\/webp\" \/>\n<meta name=\"author\" content=\"admin\" \/>\n<meta name=\"twitter:card\" content=\"summary_large_image\" \/>\n<meta name=\"twitter:label1\" content=\"Written by\" \/>\n\t<meta name=\"twitter:data1\" content=\"admin\" \/>\n\t<meta name=\"twitter:label2\" content=\"Estimated reading time\" \/>\n\t<meta name=\"twitter:data2\" content=\"11 minutes\" \/>\n<!-- \/ Yoast SEO plugin. -->","yoast_head_json":{"title":"Subsidies for Stairlifts in the Balearic Islands 2026","description":"Grants for installing a stairlift in the Balearic Islands in 2026: regional call for applications, State Plan and VAT at 4%. Requirements, amounts and how to apply.","robots":{"index":"index","follow":"follow","max-snippet":"max-snippet:-1","max-image-preview":"max-image-preview:large","max-video-preview":"max-video-preview:-1"},"canonical":"https:\/\/elevabalear.com\/en\/balearic-stairlift-grants-2026\/","og_locale":"en_GB","og_type":"article","og_title":"Subvenciones para Salvaescaleras en Baleares 2026","og_description":"Ayudas para instalar un salvaescaleras en Baleares en 2026: convocatoria auton\u00f3mica, Plan Estatal e IVA al 4 %. Requisitos, cuant\u00edas y c\u00f3mo solicitarlas.","og_url":"https:\/\/elevabalear.com\/en\/balearic-stairlift-grants-2026\/","og_site_name":"ELEVA Balear","article_published_time":"2026-09-03T09:23:18+00:00","article_modified_time":"2026-09-03T09:28:16+00:00","og_image":[{"width":1200,"height":900,"url":"https:\/\/elevabalear.com\/wp-content\/uploads\/2026\/09\/subvenciones-salvaescaleras-baleares-2026-raw.webp","type":"image\/webp"}],"author":"admin","twitter_card":"summary_large_image","twitter_misc":{"Written by":"admin","Estimated reading time":"11 minutes"},"schema":{"@context":"https:\/\/schema.org","@graph":[{"@type":"Article","@id":"https:\/\/elevabalear.com\/subvenciones-salvaescaleras-baleares-2026\/#article","isPartOf":{"@id":"https:\/\/elevabalear.com\/subvenciones-salvaescaleras-baleares-2026\/"},"author":{"name":"admin","@id":"https:\/\/elevabalear.com\/#\/schema\/person\/91cd3b48456f48108a756ebdf8525e92"},"headline":"Subvenciones y Ayudas para Salvaescaleras en Baleares en 2026","datePublished":"2026-09-03T09:23:18+00:00","dateModified":"2026-09-03T09:28:16+00:00","mainEntityOfPage":{"@id":"https:\/\/elevabalear.com\/subvenciones-salvaescaleras-baleares-2026\/"},"wordCount":2132,"commentCount":0,"publisher":{"@id":"https:\/\/elevabalear.com\/#organization"},"image":{"@id":"https:\/\/elevabalear.com\/subvenciones-salvaescaleras-baleares-2026\/#primaryimage"},"thumbnailUrl":"https:\/\/elevabalear.com\/wp-content\/uploads\/2026\/09\/subvenciones-salvaescaleras-baleares-2026-raw.webp","articleSection":["Blog"],"inLanguage":"en-GB","potentialAction":[{"@type":"CommentAction","name":"Comment","target":["https:\/\/elevabalear.com\/subvenciones-salvaescaleras-baleares-2026\/#respond"]}]},{"@type":"WebPage","@id":"https:\/\/elevabalear.com\/subvenciones-salvaescaleras-baleares-2026\/","url":"https:\/\/elevabalear.com\/subvenciones-salvaescaleras-baleares-2026\/","name":"Subsidies for Stairlifts in the Balearic Islands 2026","isPartOf":{"@id":"https:\/\/elevabalear.com\/#website"},"primaryImageOfPage":{"@id":"https:\/\/elevabalear.com\/subvenciones-salvaescaleras-baleares-2026\/#primaryimage"},"image":{"@id":"https:\/\/elevabalear.com\/subvenciones-salvaescaleras-baleares-2026\/#primaryimage"},"thumbnailUrl":"https:\/\/elevabalear.com\/wp-content\/uploads\/2026\/09\/subvenciones-salvaescaleras-baleares-2026-raw.webp","datePublished":"2026-09-03T09:23:18+00:00","dateModified":"2026-09-03T09:28:16+00:00","description":"Grants for installing a stairlift in the Balearic Islands in 2026: regional call for applications, State Plan and VAT at 4%. Requirements, amounts and how to apply.","breadcrumb":{"@id":"https:\/\/elevabalear.com\/subvenciones-salvaescaleras-baleares-2026\/#breadcrumb"},"inLanguage":"en-GB","potentialAction":[{"@type":"ReadAction","target":["https:\/\/elevabalear.com\/subvenciones-salvaescaleras-baleares-2026\/"]}]},{"@type":"ImageObject","inLanguage":"en-GB","@id":"https:\/\/elevabalear.com\/subvenciones-salvaescaleras-baleares-2026\/#primaryimage","url":"https:\/\/elevabalear.com\/wp-content\/uploads\/2026\/09\/subvenciones-salvaescaleras-baleares-2026-raw.webp","contentUrl":"https:\/\/elevabalear.com\/wp-content\/uploads\/2026\/09\/subvenciones-salvaescaleras-baleares-2026-raw.webp","width":1200,"height":900,"caption":"Subvenciones salvaescaleras Baleares con Eleva Balear en Mallorca"},{"@type":"BreadcrumbList","@id":"https:\/\/elevabalear.com\/subvenciones-salvaescaleras-baleares-2026\/#breadcrumb","itemListElement":[{"@type":"ListItem","position":1,"name":"Portada","item":"https:\/\/elevabalear.com\/"},{"@type":"ListItem","position":2,"name":"Subvenciones y Ayudas para Salvaescaleras en Baleares en 2026"}]},{"@type":"WebSite","@id":"https:\/\/elevabalear.com\/#website","url":"https:\/\/elevabalear.com\/","name":"ELEVA Balear","description":"Installation, Maintenance and Repair of Lifts in the Balearic Islands","publisher":{"@id":"https:\/\/elevabalear.com\/#organization"},"potentialAction":[{"@type":"SearchAction","target":{"@type":"EntryPoint","urlTemplate":"https:\/\/elevabalear.com\/?s={search_term_string}"},"query-input":{"@type":"PropertyValueSpecification","valueRequired":true,"valueName":"search_term_string"}}],"inLanguage":"en-GB"},{"@type":"Organization","@id":"https:\/\/elevabalear.com\/#organization","name":"ELEVA Balear","url":"https:\/\/elevabalear.com\/","logo":{"@type":"ImageObject","inLanguage":"en-GB","@id":"https:\/\/elevabalear.com\/#\/schema\/logo\/image\/","url":"https:\/\/elevabalear.com\/wp-content\/uploads\/2023\/10\/c56d09ec-0f5c-4f55-a956-5a80c7d26770.png","contentUrl":"https:\/\/elevabalear.com\/wp-content\/uploads\/2023\/10\/c56d09ec-0f5c-4f55-a956-5a80c7d26770.png","width":1410,"height":213,"caption":"ELEVA Balear"},"image":{"@id":"https:\/\/elevabalear.com\/#\/schema\/logo\/image\/"}},{"@type":"Person","@id":"https:\/\/elevabalear.com\/#\/schema\/person\/91cd3b48456f48108a756ebdf8525e92","name":"admin","image":{"@type":"ImageObject","inLanguage":"en-GB","@id":"https:\/\/secure.gravatar.com\/avatar\/3863a5c12e3dc3848cc197188266eb462bd64da2ec0c16cf6c540a9ff648fd86?s=96&d=mm&r=g","url":"https:\/\/secure.gravatar.com\/avatar\/3863a5c12e3dc3848cc197188266eb462bd64da2ec0c16cf6c540a9ff648fd86?s=96&d=mm&r=g","contentUrl":"https:\/\/secure.gravatar.com\/avatar\/3863a5c12e3dc3848cc197188266eb462bd64da2ec0c16cf6c540a9ff648fd86?s=96&d=mm&r=g","caption":"admin"},"sameAs":["https:\/\/elevabalear.com"],"url":"https:\/\/elevabalear.com\/en\/author\/admin\/"}]}},"_links":{"self":[{"href":"https:\/\/elevabalear.com\/en\/wp-json\/wp\/v2\/posts\/21216","targetHints":{"allow":["GET"]}}],"collection":[{"href":"https:\/\/elevabalear.com\/en\/wp-json\/wp\/v2\/posts"}],"about":[{"href":"https:\/\/elevabalear.com\/en\/wp-json\/wp\/v2\/types\/post"}],"author":[{"embeddable":true,"href":"https:\/\/elevabalear.com\/en\/wp-json\/wp\/v2\/users\/1"}],"replies":[{"embeddable":true,"href":"https:\/\/elevabalear.com\/en\/wp-json\/wp\/v2\/comments?post=21216"}],"version-history":[{"count":1,"href":"https:\/\/elevabalear.com\/en\/wp-json\/wp\/v2\/posts\/21216\/revisions"}],"predecessor-version":[{"id":21221,"href":"https:\/\/elevabalear.com\/en\/wp-json\/wp\/v2\/posts\/21216\/revisions\/21221"}],"wp:featuredmedia":[{"embeddable":true,"href":"https:\/\/elevabalear.com\/en\/wp-json\/wp\/v2\/media\/21215"}],"wp:attachment":[{"href":"https:\/\/elevabalear.com\/en\/wp-json\/wp\/v2\/media?parent=21216"}],"wp:term":[{"taxonomy":"category","embeddable":true,"href":"https:\/\/elevabalear.com\/en\/wp-json\/wp\/v2\/categories?post=21216"},{"taxonomy":"post_tag","embeddable":true,"href":"https:\/\/elevabalear.com\/en\/wp-json\/wp\/v2\/tags?post=21216"}],"curies":[{"name":"wp","href":"https:\/\/api.w.org\/{rel}","templated":true}]}}