{"id":21214,"date":"2026-09-03T11:21:25","date_gmt":"2026-09-03T09:21:25","guid":{"rendered":"https:\/\/elevabalear.com\/cuanto-cuesta-modernizar-ascensor-mallorca-2026\/"},"modified":"2026-09-03T11:28:05","modified_gmt":"2026-09-03T09:28:05","slug":"how-much-does-it-cost-to-modernise-a-lift-in-mallorca-in-2026","status":"publish","type":"post","link":"https:\/\/elevabalear.com\/en\/how-much-does-it-cost-to-modernise-a-lift-in-mallorca-in-2026\/","title":{"rendered":"How much does it cost to modernise a lift in Mallorca in 2026?"},"content":{"rendered":"<div class=\"seo-tldr\">\n\n<p class=\"wp-block-paragraph\">Modernizar un ascensor en Mallorca cuesta entre 800 y 40.000 euros por comunidad en 2026, seg\u00fan lo que haya que tocar: unos 800-1.500 euros si solo faltan las medidas de seguridad b\u00e1sicas, 2.500 euros por sustituir puertas semiautom\u00e1ticas por autom\u00e1ticas, unos 5.000 euros por cambiar el grupo tractor y entre 5.000 y 15.000 euros por una modernizaci\u00f3n de varios componentes. Sustituir el aparato entero se va a 12.000-40.000 euros. El Real Decreto 355\/2024 obliga a implantar medidas m\u00ednimas de seguridad en todos los ascensores existentes, con plazo m\u00e1ximo hasta el 1 de julio de 2031.<\/p>\n\n\n<p class=\"wp-block-paragraph\">Hay una conversaci\u00f3n que se repite este a\u00f1o en casi todas las juntas de vecinos de Mallorca. Llega el informe de la inspecci\u00f3n, aparecen tres o cuatro defectos, alguien pronuncia la palabra \u00abmodernizaci\u00f3n\u00bb y la reuni\u00f3n se convierte en una discusi\u00f3n sobre una cifra que nadie sabe de d\u00f3nde sale. Unos han o\u00eddo 3.000 euros y otros 40.000.<\/p>\n\n\n<p class=\"wp-block-paragraph\">Las dos cifras pueden ser correctas. El problema es que \u00abmodernizar un ascensor\u00bb no significa nada por s\u00ed solo: significa cosas muy distintas seg\u00fan lo que se toque. Esta gu\u00eda desglosa el precio por partidas con datos de 2026, explica qu\u00e9 obliga realmente la normativa y en qu\u00e9 plazo, y da el criterio para saber cu\u00e1ndo modernizar sale a cuenta y cu\u00e1ndo lo sensato es sustituir el aparato completo.<\/p>\n\n<\/div>\n\n<h2 class=\"wp-block-heading\">\u00bfQu\u00e9 precio tiene modernizar un ascensor en Mallorca seg\u00fan lo que haya que tocar?<\/h2>\n\n\n<p class=\"wp-block-paragraph\">Una modernizaci\u00f3n parcial de un ascensor de comunidad se mueve entre 2.000 y 15.000 euros, y una renovaci\u00f3n completa de maquinaria, puertas y cabina puede llegar a 40.000 euros. La franja es tan amplia porque cada partida se contrata por separado y casi ninguna finca necesita todas.<\/p>\n\n\n<figure class=\"wp-block-table\"><table><thead><tr><th>Actuaci\u00f3n<\/th><th>Precio orientativo 2026<\/th><\/tr><\/thead><tbody><tr><td>Medidas de seguridad b\u00e1sicas (nivelaci\u00f3n y cortina fotoel\u00e9ctrica)<\/td><td>800 &#8211; 1.500 \u20ac<\/td><\/tr><tr><td>Sustituir puertas semiautom\u00e1ticas por autom\u00e1ticas<\/td><td>~2.500 \u20ac por planta<\/td><\/tr><tr><td>Renovar la cabina (suelo, paneles, iluminaci\u00f3n, botonera)<\/td><td>2.000 &#8211; 4.000 \u20ac<\/td><\/tr><tr><td>Cambiar el cuadro de maniobra<\/td><td>3.000 &#8211; 6.000 \u20ac<\/td><\/tr><tr><td>Cambiar el grupo tractor o el motor<\/td><td>~5.000 \u20ac<\/td><\/tr><tr><td>Modernizaci\u00f3n de varios componentes<\/td><td>5.000 &#8211; 15.000 \u20ac<\/td><\/tr><tr><td>Sustituci\u00f3n completa del ascensor<\/td><td>12.000 &#8211; 40.000 \u20ac<\/td><\/tr><\/tbody><\/table><\/figure>\n\n\n<p class=\"wp-block-paragraph\">Sobre estas cifras hay que a\u00f1adir dos cosas que en Mallorca pesan m\u00e1s de lo que parece. La primera es el coste de la parada: cada semana con el ascensor fuera de servicio tiene un impacto real en fincas con vecinos mayores. La segunda es el transporte de material a la isla, que en los presupuestos serios va como partida propia y no escondido en el precio cerrado.<\/p>\n\n\n<p class=\"wp-block-paragraph\">Si lo que est\u00e1s valorando es poner un ascensor donde no lo hay, el escenario es otro: lo desglosamos en la gu\u00eda de <a href=\"https:\/\/elevabalear.com\/cuanto-cuesta-instalar-ascensor-mallorca-2026\/\">cu\u00e1nto cuesta instalar un ascensor en Mallorca en 2026<\/a>.<\/p>\n\n\n<h2 class=\"wp-block-heading\">\u00bfQu\u00e9 obliga a modernizar el Real Decreto 355\/2024 y en qu\u00e9 plazo?<\/h2>\n\n\n<p class=\"wp-block-paragraph\">El <a href=\"https:\/\/www.boe.es\/buscar\/act.php?id=BOE-A-2024-7258\" target=\"_blank\" rel=\"noopener\">Real Decreto 355\/2024<\/a>, que aprob\u00f3 la nueva ITC AEM 1 y entr\u00f3 en vigor el 1 de julio de 2024, incluye un anexo VII con las medidas m\u00ednimas de seguridad que deben implantarse en todos los ascensores puestos en el mercado antes de esa fecha. El plazo m\u00e1ximo para completarlas llega hasta el <strong>1 de julio de 2031<\/strong>, pero varias tienen plazos propios mucho m\u00e1s cortos.<\/p>\n\n\n<p class=\"wp-block-paragraph\">Las medidas que aparecen en casi todos los informes de inspecci\u00f3n de fincas mallorquinas son estas:<\/p>\n\n\n<ol class=\"wp-block-list\">\n\n<li><strong>Precisi\u00f3n de parada y nivelaci\u00f3n<\/strong>, con tolerancia de \u00b110 mm en la parada y \u00b120 mm durante la carga y descarga.<\/li>\n\n\n<li><strong>Protecci\u00f3n de las puertas de cabina<\/strong> mediante cortina fotoel\u00e9ctrica que detecte a una persona en todo el hueco de paso.<\/li>\n\n\n<li><strong>Sistema de comunicaci\u00f3n bidireccional<\/strong> permanente con un servicio de rescate atendido las 24 horas.<\/li>\n\n\n<li><strong>Dispositivo de control de carga<\/strong>, para impedir el arranque con exceso de peso.<\/li>\n\n\n<li><strong>Sustituci\u00f3n de gu\u00edas de madera<\/strong> por gu\u00edas de acero en los aparatos m\u00e1s antiguos.<\/li>\n\n<\/ol>\n\n\n<p class=\"wp-block-paragraph\">El detalle que cambia el calendario de una comunidad es este: los plazos no corren igual para todos. La mejora de nivelaci\u00f3n hay que hacerla de inmediato si se sustituye el grupo tractor, en seis meses si ha habido un accidente por mala nivelaci\u00f3n, y en un a\u00f1o desde que la detecta una inspecci\u00f3n peri\u00f3dica. Es decir, <strong>el reloj de cada finca lo arranca su propia inspecci\u00f3n<\/strong>, no una fecha del calendario general. Por eso dos comunidades vecinas pueden tener obligaciones distintas el mismo a\u00f1o.<\/p>\n\n\n<p class=\"wp-block-paragraph\">Analizamos los cambios completos de la norma en el art\u00edculo sobre la <a href=\"https:\/\/elevabalear.com\/nueva-normativa-ascensores-2026\/\">nueva normativa de ascensores de 2026<\/a>.<\/p>\n\n\n<h2 class=\"wp-block-heading\">\u00bfCu\u00e1ndo conviene modernizar y cu\u00e1ndo sustituir el ascensor entero?<\/h2>\n\n\n<p class=\"wp-block-paragraph\">La regla pr\u00e1ctica es la proporci\u00f3n entre lo que hay que tocar y lo que se puede aprovechar: si el hueco, las gu\u00edas y el bastidor de cabina est\u00e1n en buen estado, modernizar es m\u00e1s barato y m\u00e1s r\u00e1pido; si hay que intervenir sobre esos elementos estructurales, la sustituci\u00f3n completa suele salir mejor a medio plazo.<\/p>\n\n\n<p class=\"wp-block-paragraph\">Modernizar tiene tres ventajas que pesan mucho en una comunidad. No exige obra en el hueco, se puede escalonar por fases seg\u00fan el presupuesto disponible, y deja el ascensor parado un m\u00e1ximo de dos semanas frente a los dos o tres meses de una sustituci\u00f3n completa. Reutiliza adem\u00e1s gu\u00edas, contrapeso y bastidor, que es donde est\u00e1 buena parte del coste.<\/p>\n\n\n<p class=\"wp-block-paragraph\">La sustituci\u00f3n se impone en tres situaciones concretas: cuando el fabricante ya no suministra recambios del modelo y cada aver\u00eda se convierte en una b\u00fasqueda de piezas de segunda mano; cuando el coste acumulado de las modernizaciones parciales pendientes supera el 60-70 % de lo que costar\u00eda un aparato nuevo; y cuando la comunidad quiere ganar accesibilidad real, no solo cumplir la norma. Este \u00faltimo punto se olvida a menudo: seg\u00fan el Bar\u00f3metro de la Accesibilidad de la Fundaci\u00f3n Mutua de Propietarios de 2026, el <strong>64 % de los ascensores no cumple los criterios de accesibilidad f\u00edsica para su uso en silla de ruedas<\/strong>, y eso no lo arregla cambiar la maquinaria.<\/p>\n\n\n<p class=\"wp-block-paragraph\">Si tu caso es un edificio antiguo del centro, hay condicionantes espec\u00edficos que tratamos en <a href=\"https:\/\/elevabalear.com\/instalar-ascensor-edificio-antiguo-palma\/\">instalar un ascensor en un edificio antiguo de Palma<\/a>.<\/p>\n\n\n<h2 class=\"wp-block-heading\">\u00bfCu\u00e1nto tiempo est\u00e1 el ascensor parado durante una modernizaci\u00f3n?<\/h2>\n\n\n<p class=\"wp-block-paragraph\">Una modernizaci\u00f3n parcial deja el aparato fuera de servicio entre dos d\u00edas y dos semanas, seg\u00fan las partidas. Cambiar la botonera o la iluminaci\u00f3n de cabina se hace en una jornada; sustituir las puertas de todas las plantas o el grupo tractor lleva entre cinco y diez d\u00edas laborables.<\/p>\n\n\n<p class=\"wp-block-paragraph\">La planificaci\u00f3n importa m\u00e1s que el plazo en s\u00ed. En una finca con vecinos mayores o con movilidad reducida, dos semanas sin ascensor no es un inconveniente: es un problema serio de vida diaria. Conviene fijar por escrito la fecha de inicio, avisar con antelaci\u00f3n a los vecinos afectados y, cuando el edificio lo permite, acordar que los trabajos que dejan el aparato inutilizable se concentren en d\u00edas consecutivos en lugar de repartirse en semanas.<\/p>\n\n\n<h2 class=\"wp-block-heading\">\u00bfQu\u00e9 ayudas cubren la modernizaci\u00f3n de un ascensor en Baleares?<\/h2>\n\n\n<p class=\"wp-block-paragraph\">Las convocatorias de accesibilidad de Baleares cubren la instalaci\u00f3n y la sustituci\u00f3n de ascensores por otros accesibles, adem\u00e1s de plataformas elevadoras y salvaescaleras. La convocatoria auton\u00f3mica gestionada por la Conselleria de Asuntos Sociales, financiada con fondos Next Generation, ha llegado a repartir 808.468 euros entre 43 comunidades de propietarios, con un m\u00e1ximo de 74.100 euros por comunidad.<\/p>\n\n\n<p class=\"wp-block-paragraph\">El matiz que hay que entender antes de hacer cuentas es importante: <strong>las ayudas se dirigen a mejorar la accesibilidad, no a renovar maquinaria<\/strong>. Cambiar el cuadro de maniobra o el grupo tractor de un ascensor que ya funciona rara vez entra en una convocatoria de accesibilidad; sustituir un aparato al que no se puede acceder en silla de ruedas por uno que s\u00ed lo permite, s\u00ed. Si tu comunidad va a hacer las dos cosas a la vez, conviene que el proyecto separe las partidas desde el principio.<\/p>\n\n\n<p class=\"wp-block-paragraph\">El detalle completo de convocatorias, requisitos y plazos est\u00e1 en la gu\u00eda de <a href=\"https:\/\/elevabalear.com\/subvenciones-y-ayudas-para-instalar-ascensor-en-baleares-en-2026\/\">subvenciones y ayudas para instalar ascensor en Baleares en 2026<\/a>.<\/p>\n\n\n<h2 class=\"wp-block-heading\">\u00bfC\u00f3mo se aprueba y se paga la modernizaci\u00f3n en una comunidad de vecinos?<\/h2>\n\n\n<p class=\"wp-block-paragraph\">Las obras necesarias para cumplir la normativa de seguridad no requieren mayor\u00eda cualificada: son obras obligatorias, y el gasto se reparte entre todos los propietarios seg\u00fan su cuota de participaci\u00f3n, incluidos los bajos que no usan el ascensor. Las mejoras est\u00e9ticas o de confort s\u00ed necesitan el acuerdo de la junta.<\/p>\n\n\n<p class=\"wp-block-paragraph\">Esa distinci\u00f3n es la que evita la mitad de las discusiones. Una cortina fotoel\u00e9ctrica exigida por el informe de inspecci\u00f3n no se vota: se ejecuta. Cambiar los paneles de la cabina por otros de acero inoxidable, s\u00ed. Conviene que el presupuesto llegue a la junta con las dos columnas separadas, porque mezclarlas convierte una obligaci\u00f3n legal en un debate.<\/p>\n\n\n<p class=\"wp-block-paragraph\">Sobre el reparto del gasto entre plantas y la situaci\u00f3n de los bajos, hay dos art\u00edculos que resuelven las dudas habituales: <a href=\"https:\/\/elevabalear.com\/el-ascensor-se-paga-por-alturas\/\">el ascensor se paga por alturas<\/a> y <a href=\"https:\/\/elevabalear.com\/me-pueden-obligar-a-financiar-un-ascensor\/\">me pueden obligar a financiar un ascensor<\/a>.<\/p>\n\n<div class=\"seo-faq\">\n<h2 class=\"wp-block-heading\">Preguntas frecuentes sobre la modernizaci\u00f3n de ascensores en Mallorca<\/h2>\n\n\n<h3 class=\"wp-block-heading\">\u00bfCu\u00e1nto cuesta modernizar un ascensor de 4 plantas en Mallorca?<\/h3>\n\n\n<p class=\"wp-block-paragraph\">Para una finca de cuatro plantas en Mallorca, una modernizaci\u00f3n que incluya puertas autom\u00e1ticas, cuadro de maniobra y las medidas de seguridad obligatorias suele situarse entre 12.000 y 20.000 euros. Si solo hay que implantar las medidas del anexo VII sobre un aparato relativamente moderno, la cifra baja a 800-1.500 euros. El presupuesto debe llegar desglosado por partidas: es la \u00fanica forma de comparar dos ofertas.<\/p>\n\n\n<h3 class=\"wp-block-heading\">\u00bfEs obligatorio modernizar el ascensor con el Real Decreto 355\/2024?<\/h3>\n\n\n<p class=\"wp-block-paragraph\">S\u00ed, pero de forma progresiva. El anexo VII de la ITC AEM 1 establece medidas m\u00ednimas de seguridad que todos los ascensores existentes deben incorporar, con un plazo m\u00e1ximo hasta el 1 de julio de 2031. Algunas medidas tienen plazos m\u00e1s cortos cuando las detecta una inspecci\u00f3n peri\u00f3dica o cuando se sustituye el grupo tractor. No es una recomendaci\u00f3n: es una obligaci\u00f3n del titular del aparato, que en una finca es la comunidad de propietarios.<\/p>\n\n\n<h3 class=\"wp-block-heading\">\u00bfQu\u00e9 pasa si la comunidad no hace las obras que exige la inspecci\u00f3n?<\/h3>\n\n\n<p class=\"wp-block-paragraph\">El organismo de control emite un informe con los defectos y un plazo de subsanaci\u00f3n que puede ir de tres meses a varios a\u00f1os seg\u00fan la gravedad. Si el defecto es grave, el ascensor debe quedar fuera de servicio hasta corregirlo. Dejar pasar el plazo expone a la comunidad ante un accidente, puede complicar la cobertura del seguro y constituye infracci\u00f3n en materia de seguridad industrial.<\/p>\n\n\n<h3 class=\"wp-block-heading\">\u00bfPuede modernizar el ascensor una empresa distinta a la que lo mantiene?<\/h3>\n\n\n<p class=\"wp-block-paragraph\">S\u00ed. La comunidad puede contratar la modernizaci\u00f3n con cualquier empresa habilitada, aunque el mantenimiento lo lleve otra. Lo que s\u00ed conviene es coordinarlo, porque tras la reforma hay que actualizar la documentaci\u00f3n del aparato y la empresa conservadora debe conocer los componentes nuevos. Pedir presupuesto a dos o tres empresas para una modernizaci\u00f3n de varios miles de euros es lo razonable.<\/p>\n\n\n<h3 class=\"wp-block-heading\">\u00bfCu\u00e1nto se ahorra en luz al modernizar un ascensor antiguo?<\/h3>\n\n\n<p class=\"wp-block-paragraph\">Un ascensor con maquinaria antigua y iluminaci\u00f3n incandescente consume bastante m\u00e1s que uno con variador de frecuencia, m\u00e1quina gearless e iluminaci\u00f3n LED. La factura el\u00e9ctrica del aparato puede bajar de forma apreciable, sobre todo en fincas con uso intenso, aunque el ahorro por s\u00ed solo no suele justificar la inversi\u00f3n: es un argumento que suma, no el principal. Lo analizamos en el art\u00edculo sobre el <a href=\"https:\/\/elevabalear.com\/consumo-energetico-ascensor-como-ahorrar\/\">consumo energ\u00e9tico del ascensor y c\u00f3mo reducirlo<\/a>.<\/p>\n\n<\/div>\n\n<h2 class=\"wp-block-heading\">Cu\u00e1ndo NO conviene modernizar un ascensor<\/h2>\n\n\n<p class=\"wp-block-paragraph\">Hay tres escenarios en los que gastar en modernizaci\u00f3n es tirar el dinero. Cuando el fabricante ha descatalogado el modelo y no garantiza recambios, cada componente nuevo que instales quedar\u00e1 atado a un aparato que en cinco a\u00f1os no se podr\u00e1 reparar. Cuando el hueco no cumple las dimensiones m\u00ednimas para una cabina accesible, modernizar la maquinaria deja el problema de fondo intacto: el ascensor seguir\u00e1 sin poder usarse con silla de ruedas. Y cuando el edificio tiene una rehabilitaci\u00f3n integral prevista a corto plazo, conviene esperar y meter el ascensor en el proyecto global, porque hacerlo antes obliga a tocar dos veces lo mismo.<\/p>\n\n\n<h2 class=\"wp-block-heading\">Pide el diagn\u00f3stico de tu ascensor en Mallorca<\/h2>\n\n\n<p class=\"wp-block-paragraph\">La \u00fanica forma de saber qu\u00e9 necesita tu ascensor es que alguien lo mire. En <strong>Eleva Balear<\/strong> revisamos el aparato, leemos el informe de la \u00faltima inspecci\u00f3n y te decimos con claridad qu\u00e9 es obligatorio, qu\u00e9 es recomendable y qu\u00e9 puede esperar, con precios por partida. Somos una <a href=\"https:\/\/elevabalear.com\/\">empresa de ascensores en Mallorca<\/a> con m\u00e1s de cien ascensores instalados y servicio t\u00e9cnico propio en las islas, y trabajamos la <a href=\"https:\/\/elevabalear.com\/modernizacion-de-ascensores-en-mallorca\/\">modernizaci\u00f3n de ascensores en Mallorca<\/a> de cualquier marca. Llama al <strong>971 17 81 51<\/strong> o escribe a <strong>quierosercliente@elevabalear.com<\/strong> y lo vemos sin compromiso.<\/p>\n\n<script type=\"application\/ld+json\">\n{\n  \"@context\": \"https:\/\/schema.org\",\n  \"@type\": \"FAQPage\",\n  \"mainEntity\": [\n    {\n      \"@type\": \"Question\",\n      \"name\": \"\u00bfCu\u00e1nto cuesta modernizar un ascensor de 4 plantas en Mallorca?\",\n      \"acceptedAnswer\": {\n        \"@type\": \"Answer\",\n        \"text\": \"Para una finca de cuatro plantas en Mallorca, una modernizaci\u00f3n que incluya puertas autom\u00e1ticas, cuadro de maniobra y las medidas de seguridad obligatorias suele situarse entre 12.000 y 20.000 euros. Si solo hay que implantar las medidas del anexo VII sobre un aparato relativamente moderno, la cifra baja a 800-1.500 euros. El presupuesto debe llegar desglosado por partidas: es la \u00fanica forma de comparar dos ofertas.\"\n      }\n    },\n    {\n      \"@type\": \"Question\",\n      \"name\": \"\u00bfEs obligatorio modernizar el ascensor con el Real Decreto 355\/2024?\",\n      \"acceptedAnswer\": {\n        \"@type\": \"Answer\",\n        \"text\": \"S\u00ed, pero de forma progresiva. El anexo VII de la ITC AEM 1 establece medidas m\u00ednimas de seguridad que todos los ascensores existentes deben incorporar, con un plazo m\u00e1ximo hasta el 1 de julio de 2031. Algunas medidas tienen plazos m\u00e1s cortos cuando las detecta una inspecci\u00f3n peri\u00f3dica o cuando se sustituye el grupo tractor. No es una recomendaci\u00f3n: es una obligaci\u00f3n del titular del aparato, que en una finca es la comunidad de propietarios.\"\n      }\n    },\n    {\n      \"@type\": \"Question\",\n      \"name\": \"\u00bfQu\u00e9 pasa si la comunidad no hace las obras que exige la inspecci\u00f3n?\",\n      \"acceptedAnswer\": {\n        \"@type\": \"Answer\",\n        \"text\": \"El organismo de control emite un informe con los defectos y un plazo de subsanaci\u00f3n que puede ir de tres meses a varios a\u00f1os seg\u00fan la gravedad. Si el defecto es grave, el ascensor debe quedar fuera de servicio hasta corregirlo. Dejar pasar el plazo expone a la comunidad ante un accidente, puede complicar la cobertura del seguro y constituye infracci\u00f3n en materia de seguridad industrial.\"\n      }\n    },\n    {\n      \"@type\": \"Question\",\n      \"name\": \"\u00bfPuede modernizar el ascensor una empresa distinta a la que lo mantiene?\",\n      \"acceptedAnswer\": {\n        \"@type\": \"Answer\",\n        \"text\": \"S\u00ed. La comunidad puede contratar la modernizaci\u00f3n con cualquier empresa habilitada, aunque el mantenimiento lo lleve otra. Lo que s\u00ed conviene es coordinarlo, porque tras la reforma hay que actualizar la documentaci\u00f3n del aparato y la empresa conservadora debe conocer los componentes nuevos. Pedir presupuesto a dos o tres empresas para una modernizaci\u00f3n de varios miles de euros es lo razonable.\"\n      }\n    },\n    {\n      \"@type\": \"Question\",\n      \"name\": \"\u00bfCu\u00e1nto se ahorra en luz al modernizar un ascensor antiguo?\",\n      \"acceptedAnswer\": {\n        \"@type\": \"Answer\",\n        \"text\": \"Un ascensor con maquinaria antigua y iluminaci\u00f3n incandescente consume bastante m\u00e1s que uno con variador de frecuencia, m\u00e1quina gearless e iluminaci\u00f3n LED. La factura el\u00e9ctrica del aparato puede bajar de forma apreciable, sobre todo en fincas con uso intenso, aunque el ahorro por s\u00ed solo no suele justificar la inversi\u00f3n: es un argumento que suma, no el principal. Lo analizamos en el art\u00edculo sobre el consumo energ\u00e9tico del ascensor y c\u00f3mo reducirlo.\"\n      }\n    }\n  ]\n}\n<\/script>","protected":false},"excerpt":{"rendered":"<p>Modernizar un ascensor en Mallorca cuesta entre 800 y 40.000 euros por comunidad en 2026, seg\u00fan lo que haya que tocar: unos 800-1.500 euros si solo faltan las medidas de seguridad b\u00e1sicas, 2.500 euros por sustituir puertas semiautom\u00e1ticas por autom\u00e1ticas, unos 5.000 euros por cambiar el grupo tractor y entre 5.000 y 15.000 euros por [&hellip;]<\/p>\n","protected":false},"author":1,"featured_media":21213,"comment_status":"open","ping_status":"open","sticky":false,"template":"","format":"standard","meta":{"_yoast_wpseo_meta-robots-noindex":"","_yoast_wpseo_meta-robots-nofollow":"","_yoast_wpseo_canonical":"","_yoast_wpseo_opengraph-title":"","_yoast_wpseo_opengraph-description":"","_yoast_wpseo_twitter-title":"","_yoast_wpseo_twitter-description":"","ocean_front_end_style_editor":"no","ocean_post_layout":"","ocean_both_sidebars_style":"","ocean_both_sidebars_content_width":0,"ocean_both_sidebars_sidebars_width":0,"ocean_sidebar":"","ocean_second_sidebar":"","ocean_disable_margins":"enable","ocean_add_body_class":"","ocean_shortcode_before_top_bar":"","ocean_shortcode_after_top_bar":"","ocean_shortcode_before_header":"","ocean_shortcode_after_header":"","ocean_has_shortcode":"","ocean_shortcode_after_title":"","ocean_shortcode_before_footer_widgets":"","ocean_shortcode_after_footer_widgets":"","ocean_shortcode_before_footer_bottom":"","ocean_shortcode_after_footer_bottom":"","ocean_display_top_bar":"default","ocean_display_header":"default","ocean_header_style":"","ocean_center_header_left_menu":"","ocean_custom_header_template":"","ocean_custom_logo":0,"ocean_custom_retina_logo":0,"ocean_custom_logo_max_width":0,"ocean_custom_logo_tablet_max_width":0,"ocean_custom_logo_mobile_max_width":0,"ocean_custom_logo_max_height":0,"ocean_custom_logo_tablet_max_height":0,"ocean_custom_logo_mobile_max_height":0,"ocean_header_custom_menu":"","ocean_menu_typo_font_family":"","ocean_menu_typo_font_subset":"","ocean_menu_typo_font_size":0,"ocean_menu_typo_font_size_tablet":0,"ocean_menu_typo_font_size_mobile":0,"ocean_menu_typo_font_size_unit":"px","ocean_menu_typo_font_weight":"","ocean_menu_typo_font_weight_tablet":"","ocean_menu_typo_font_weight_mobile":"","ocean_menu_typo_transform":"","ocean_menu_typo_transform_tablet":"","ocean_menu_typo_transform_mobile":"","ocean_menu_typo_line_height":0,"ocean_menu_typo_line_height_tablet":0,"ocean_menu_typo_line_height_mobile":0,"ocean_menu_typo_line_height_unit":"","ocean_menu_typo_spacing":0,"ocean_menu_typo_spacing_tablet":0,"ocean_menu_typo_spacing_mobile":0,"ocean_menu_typo_spacing_unit":"","ocean_menu_link_color":"","ocean_menu_link_color_hover":"","ocean_menu_link_color_active":"","ocean_menu_link_background":"","ocean_menu_link_hover_background":"","ocean_menu_link_active_background":"","ocean_menu_social_links_bg":"","ocean_menu_social_hover_links_bg":"","ocean_menu_social_links_color":"","ocean_menu_social_hover_links_color":"","ocean_disable_title":"default","ocean_disable_heading":"default","ocean_post_title":"","ocean_post_subheading":"","ocean_post_title_style":"","ocean_post_title_background_color":"","ocean_post_title_background":0,"ocean_post_title_bg_image_position":"","ocean_post_title_bg_image_attachment":"","ocean_post_title_bg_image_repeat":"","ocean_post_title_bg_image_size":"","ocean_post_title_height":0,"ocean_post_title_bg_overlay":0.5,"ocean_post_title_bg_overlay_color":"","ocean_disable_breadcrumbs":"default","ocean_breadcrumbs_color":"","ocean_breadcrumbs_separator_color":"","ocean_breadcrumbs_links_color":"","ocean_breadcrumbs_links_hover_color":"","ocean_display_footer_widgets":"default","ocean_display_footer_bottom":"default","ocean_custom_footer_template":"","ocean_post_oembed":"","ocean_post_self_hosted_media":"","ocean_post_video_embed":"","ocean_link_format":"","ocean_link_format_target":"self","ocean_quote_format":"","ocean_quote_format_link":"post","ocean_gallery_link_images":"on","ocean_gallery_id":[],"footnotes":""},"categories":[26],"tags":[],"class_list":["post-21214","post","type-post","status-publish","format-standard","has-post-thumbnail","hentry","category-blog","entry","has-media"],"yoast_head":"<!-- This site is optimized with the Yoast SEO plugin v28.4 - https:\/\/yoast.com\/product\/yoast-seo-wordpress\/ -->\n<title>Cu\u00e1nto Cuesta Modernizar un Ascensor en Mallorca 2026<\/title>\n<meta name=\"description\" content=\"Precio de modernizar un ascensor en Mallorca en 2026, partida por partida: de 800 \u20ac a 40.000 \u20ac. Qu\u00e9 obliga el RD 355\/2024 y cu\u00e1ndo compensa sustituirlo.\" \/>\n<meta name=\"robots\" content=\"index, follow, max-snippet:-1, max-image-preview:large, max-video-preview:-1\" \/>\n<link rel=\"canonical\" href=\"https:\/\/elevabalear.com\/en\/how-much-does-it-cost-to-modernise-a-lift-in-mallorca-in-2026\/\" \/>\n<meta property=\"og:locale\" content=\"en_GB\" \/>\n<meta property=\"og:type\" content=\"article\" \/>\n<meta property=\"og:title\" content=\"Cu\u00e1nto Cuesta Modernizar un Ascensor en Mallorca 2026\" \/>\n<meta property=\"og:description\" content=\"Precio de modernizar un ascensor en Mallorca en 2026, partida por partida: de 800 \u20ac a 40.000 \u20ac. Qu\u00e9 obliga el RD 355\/2024 y cu\u00e1ndo compensa sustituirlo.\" \/>\n<meta property=\"og:url\" content=\"https:\/\/elevabalear.com\/en\/how-much-does-it-cost-to-modernise-a-lift-in-mallorca-in-2026\/\" \/>\n<meta property=\"og:site_name\" content=\"ELEVA Balear\" \/>\n<meta property=\"article:published_time\" content=\"2026-09-03T09:21:25+00:00\" \/>\n<meta property=\"article:modified_time\" content=\"2026-09-03T09:28:05+00:00\" \/>\n<meta property=\"og:image\" content=\"https:\/\/elevabalear.com\/wp-content\/uploads\/2026\/09\/cuanto-cuesta-modernizar-ascensor-mallorca-2026-raw.webp\" \/>\n\t<meta property=\"og:image:width\" content=\"1200\" \/>\n\t<meta property=\"og:image:height\" content=\"900\" \/>\n\t<meta property=\"og:image:type\" content=\"image\/webp\" \/>\n<meta name=\"author\" content=\"admin\" \/>\n<meta name=\"twitter:card\" content=\"summary_large_image\" \/>\n<meta name=\"twitter:label1\" content=\"Written by\" \/>\n\t<meta name=\"twitter:data1\" content=\"admin\" \/>\n\t<meta name=\"twitter:label2\" content=\"Estimated reading time\" \/>\n\t<meta name=\"twitter:data2\" content=\"11 minutes\" \/>\n<!-- \/ Yoast SEO plugin. -->","yoast_head_json":{"title":"How Much Does It Cost to Modernise an Lift in Mallorca 2026","description":"Price of modernising a lift in Mallorca in 2026, item by item: from \u20ac800 to \u20ac40,000. What Royal Decree 355\/2024 requires and when it&#039;s worth replacing it.","robots":{"index":"index","follow":"follow","max-snippet":"max-snippet:-1","max-image-preview":"max-image-preview:large","max-video-preview":"max-video-preview:-1"},"canonical":"https:\/\/elevabalear.com\/en\/how-much-does-it-cost-to-modernise-a-lift-in-mallorca-in-2026\/","og_locale":"en_GB","og_type":"article","og_title":"Cu\u00e1nto Cuesta Modernizar un Ascensor en Mallorca 2026","og_description":"Precio de modernizar un ascensor en Mallorca en 2026, partida por partida: de 800 \u20ac a 40.000 \u20ac. Qu\u00e9 obliga el RD 355\/2024 y cu\u00e1ndo compensa sustituirlo.","og_url":"https:\/\/elevabalear.com\/en\/how-much-does-it-cost-to-modernise-a-lift-in-mallorca-in-2026\/","og_site_name":"ELEVA Balear","article_published_time":"2026-09-03T09:21:25+00:00","article_modified_time":"2026-09-03T09:28:05+00:00","og_image":[{"width":1200,"height":900,"url":"https:\/\/elevabalear.com\/wp-content\/uploads\/2026\/09\/cuanto-cuesta-modernizar-ascensor-mallorca-2026-raw.webp","type":"image\/webp"}],"author":"admin","twitter_card":"summary_large_image","twitter_misc":{"Written by":"admin","Estimated reading time":"11 minutes"},"schema":{"@context":"https:\/\/schema.org","@graph":[{"@type":"Article","@id":"https:\/\/elevabalear.com\/cuanto-cuesta-modernizar-ascensor-mallorca-2026\/#article","isPartOf":{"@id":"https:\/\/elevabalear.com\/cuanto-cuesta-modernizar-ascensor-mallorca-2026\/"},"author":{"name":"admin","@id":"https:\/\/elevabalear.com\/#\/schema\/person\/91cd3b48456f48108a756ebdf8525e92"},"headline":"Cu\u00e1nto Cuesta Modernizar un Ascensor en Mallorca en 2026","datePublished":"2026-09-03T09:21:25+00:00","dateModified":"2026-09-03T09:28:05+00:00","mainEntityOfPage":{"@id":"https:\/\/elevabalear.com\/cuanto-cuesta-modernizar-ascensor-mallorca-2026\/"},"wordCount":2173,"commentCount":0,"publisher":{"@id":"https:\/\/elevabalear.com\/#organization"},"image":{"@id":"https:\/\/elevabalear.com\/cuanto-cuesta-modernizar-ascensor-mallorca-2026\/#primaryimage"},"thumbnailUrl":"https:\/\/elevabalear.com\/wp-content\/uploads\/2026\/09\/cuanto-cuesta-modernizar-ascensor-mallorca-2026-raw.webp","articleSection":["Blog"],"inLanguage":"en-GB","potentialAction":[{"@type":"CommentAction","name":"Comment","target":["https:\/\/elevabalear.com\/cuanto-cuesta-modernizar-ascensor-mallorca-2026\/#respond"]}]},{"@type":"WebPage","@id":"https:\/\/elevabalear.com\/cuanto-cuesta-modernizar-ascensor-mallorca-2026\/","url":"https:\/\/elevabalear.com\/cuanto-cuesta-modernizar-ascensor-mallorca-2026\/","name":"How Much Does It Cost to Modernise an Lift in Mallorca 2026","isPartOf":{"@id":"https:\/\/elevabalear.com\/#website"},"primaryImageOfPage":{"@id":"https:\/\/elevabalear.com\/cuanto-cuesta-modernizar-ascensor-mallorca-2026\/#primaryimage"},"image":{"@id":"https:\/\/elevabalear.com\/cuanto-cuesta-modernizar-ascensor-mallorca-2026\/#primaryimage"},"thumbnailUrl":"https:\/\/elevabalear.com\/wp-content\/uploads\/2026\/09\/cuanto-cuesta-modernizar-ascensor-mallorca-2026-raw.webp","datePublished":"2026-09-03T09:21:25+00:00","dateModified":"2026-09-03T09:28:05+00:00","description":"Price of modernising a lift in Mallorca in 2026, item by item: from \u20ac800 to \u20ac40,000. What Royal Decree 355\/2024 requires and when it&#039;s worth replacing it.","breadcrumb":{"@id":"https:\/\/elevabalear.com\/cuanto-cuesta-modernizar-ascensor-mallorca-2026\/#breadcrumb"},"inLanguage":"en-GB","potentialAction":[{"@type":"ReadAction","target":["https:\/\/elevabalear.com\/cuanto-cuesta-modernizar-ascensor-mallorca-2026\/"]}]},{"@type":"ImageObject","inLanguage":"en-GB","@id":"https:\/\/elevabalear.com\/cuanto-cuesta-modernizar-ascensor-mallorca-2026\/#primaryimage","url":"https:\/\/elevabalear.com\/wp-content\/uploads\/2026\/09\/cuanto-cuesta-modernizar-ascensor-mallorca-2026-raw.webp","contentUrl":"https:\/\/elevabalear.com\/wp-content\/uploads\/2026\/09\/cuanto-cuesta-modernizar-ascensor-mallorca-2026-raw.webp","width":1200,"height":900,"caption":"Cu\u00e1nto cuesta modernizar un ascensor con Eleva Balear en Mallorca"},{"@type":"BreadcrumbList","@id":"https:\/\/elevabalear.com\/cuanto-cuesta-modernizar-ascensor-mallorca-2026\/#breadcrumb","itemListElement":[{"@type":"ListItem","position":1,"name":"Portada","item":"https:\/\/elevabalear.com\/"},{"@type":"ListItem","position":2,"name":"Cu\u00e1nto Cuesta Modernizar un Ascensor en Mallorca en 2026"}]},{"@type":"WebSite","@id":"https:\/\/elevabalear.com\/#website","url":"https:\/\/elevabalear.com\/","name":"ELEVA Balear","description":"Installation, Maintenance and Repair of Lifts in the Balearic Islands","publisher":{"@id":"https:\/\/elevabalear.com\/#organization"},"potentialAction":[{"@type":"SearchAction","target":{"@type":"EntryPoint","urlTemplate":"https:\/\/elevabalear.com\/?s={search_term_string}"},"query-input":{"@type":"PropertyValueSpecification","valueRequired":true,"valueName":"search_term_string"}}],"inLanguage":"en-GB"},{"@type":"Organization","@id":"https:\/\/elevabalear.com\/#organization","name":"ELEVA Balear","url":"https:\/\/elevabalear.com\/","logo":{"@type":"ImageObject","inLanguage":"en-GB","@id":"https:\/\/elevabalear.com\/#\/schema\/logo\/image\/","url":"https:\/\/elevabalear.com\/wp-content\/uploads\/2023\/10\/c56d09ec-0f5c-4f55-a956-5a80c7d26770.png","contentUrl":"https:\/\/elevabalear.com\/wp-content\/uploads\/2023\/10\/c56d09ec-0f5c-4f55-a956-5a80c7d26770.png","width":1410,"height":213,"caption":"ELEVA Balear"},"image":{"@id":"https:\/\/elevabalear.com\/#\/schema\/logo\/image\/"}},{"@type":"Person","@id":"https:\/\/elevabalear.com\/#\/schema\/person\/91cd3b48456f48108a756ebdf8525e92","name":"admin","image":{"@type":"ImageObject","inLanguage":"en-GB","@id":"https:\/\/secure.gravatar.com\/avatar\/3863a5c12e3dc3848cc197188266eb462bd64da2ec0c16cf6c540a9ff648fd86?s=96&d=mm&r=g","url":"https:\/\/secure.gravatar.com\/avatar\/3863a5c12e3dc3848cc197188266eb462bd64da2ec0c16cf6c540a9ff648fd86?s=96&d=mm&r=g","contentUrl":"https:\/\/secure.gravatar.com\/avatar\/3863a5c12e3dc3848cc197188266eb462bd64da2ec0c16cf6c540a9ff648fd86?s=96&d=mm&r=g","caption":"admin"},"sameAs":["https:\/\/elevabalear.com"],"url":"https:\/\/elevabalear.com\/en\/author\/admin\/"}]}},"_links":{"self":[{"href":"https:\/\/elevabalear.com\/en\/wp-json\/wp\/v2\/posts\/21214","targetHints":{"allow":["GET"]}}],"collection":[{"href":"https:\/\/elevabalear.com\/en\/wp-json\/wp\/v2\/posts"}],"about":[{"href":"https:\/\/elevabalear.com\/en\/wp-json\/wp\/v2\/types\/post"}],"author":[{"embeddable":true,"href":"https:\/\/elevabalear.com\/en\/wp-json\/wp\/v2\/users\/1"}],"replies":[{"embeddable":true,"href":"https:\/\/elevabalear.com\/en\/wp-json\/wp\/v2\/comments?post=21214"}],"version-history":[{"count":1,"href":"https:\/\/elevabalear.com\/en\/wp-json\/wp\/v2\/posts\/21214\/revisions"}],"predecessor-version":[{"id":21220,"href":"https:\/\/elevabalear.com\/en\/wp-json\/wp\/v2\/posts\/21214\/revisions\/21220"}],"wp:featuredmedia":[{"embeddable":true,"href":"https:\/\/elevabalear.com\/en\/wp-json\/wp\/v2\/media\/21213"}],"wp:attachment":[{"href":"https:\/\/elevabalear.com\/en\/wp-json\/wp\/v2\/media?parent=21214"}],"wp:term":[{"taxonomy":"category","embeddable":true,"href":"https:\/\/elevabalear.com\/en\/wp-json\/wp\/v2\/categories?post=21214"},{"taxonomy":"post_tag","embeddable":true,"href":"https:\/\/elevabalear.com\/en\/wp-json\/wp\/v2\/tags?post=21214"}],"curies":[{"name":"wp","href":"https:\/\/api.w.org\/{rel}","templated":true}]}}